{"id":109937,"date":"2021-01-25T03:35:50","date_gmt":"2021-01-25T08:35:50","guid":{"rendered":"https:\/\/linitiative.ca\/International\/des-pressions-sur-lapprovisionnement-en-differents-produits-agricoles-provoquent-une-hausse-des-prix-ministere-du-commerce\/"},"modified":"2021-01-25T03:35:50","modified_gmt":"2021-01-25T08:35:50","slug":"des-pressions-sur-lapprovisionnement-en-differents-produits-agricoles-provoquent-une-hausse-des-prix-ministere-du-commerce","status":"publish","type":"post","link":"https:\/\/linitiative.ca\/International\/des-pressions-sur-lapprovisionnement-en-differents-produits-agricoles-provoquent-une-hausse-des-prix-ministere-du-commerce\/","title":{"rendered":"Des pressions sur l\u2019approvisionnement en diff\u00e9rents produits agricoles provoquent une hausse des prix (Minist\u00e8re du Commerce)"},"content":{"rendered":"<div class=\"td-post-content\">\n<h2>Des pressions sur l\u2019approvisionnement en diff\u00e9rents produits agricoles, ont provoqu\u00e9 une hausse des prix.<\/h2>\n<p>Ces produits agricoles comprennent les tomates, les oignons et les poivrons.<\/p>\n<p>Il est \u00e0 noter que la hausse a commenc\u00e9 \u00e0 partir de la deuxi\u00e8me semaine du mois de janvier 2021, selon des donn\u00e9es du minist\u00e8re du Commerce, d\u2019o\u00f9 l\u2019ex\u00e9cution d\u2019un programmpe urgent de contr\u00f4le.<\/p>\n<p class=\"news_item_view_plain_text\">Selon ces donn\u00e9es obtenues par l\u2019agence TAP, ces pressions sont dues aux difficut\u00e9s enregistr\u00e9es au niveau de l\u2019avancement de la saison agricole en raison des dommages ayant atteint une grande partie des r\u00e9coltes dans les plus importantes zones de production des gouvernorats du Sahel, de Kairouan et Sidi Bouzid, vu des facteurs climatiques inappropri\u00e9s, tel que le gel ou \u00ab\u00a0jlida\u00a0\u00bb.<\/p>\n<p class=\"news_item_view_plain_text\">Cette situation a provoqu\u00e9, au cours de la derni\u00e8re p\u00e9riode du mois de janvier 2021, une hausse notable des prix au niveau des fermes, notamment pour ce qui est des tomates (2400 millimes le kg), des poivrons (3700 millimes le kg) et des oignons verst (1500 millimes le kg).<\/p>\n<p class=\"news_item_view_plain_text\">Les moyennes des prix de gros de la majorit\u00e9 des l\u00e9gumes ont ainsi connu une augmentation variant entre 3 et 32% en comparaison avec le mois de d\u00e9cembre 2020, particuli\u00e8rement ceux des tomates (entre 22 et 28%), des poivrons doux (entre 7 et 13%), des piments (entre 20 et 32%) et des oignons verts (entre 14 et 17%).<\/p>\n<p class=\"news_item_view_plain_text\">Le minist\u00e8re a indiqu\u00e9 avoir imm\u00e9diatement agi afin de rationaliser les augmentations des prix. Ledit d\u00e9partement a coordonn\u00e9 avec les structures publiques et professionnelles y aff\u00e9rent en vue de parvenir \u00e0 des prix tenant compte du pouvoir d\u2019achat du consommateur en plus de l\u2019ex\u00e9cution d\u2019un deuxi\u00e8me programme urgent de contr\u00f4le, \u00e0 partir du 16 janvier 2021, dans la fili\u00e8re des l\u00e9gumes et fruits, aux plans central et r\u00e9gional.<\/p>\n<h2>Lutter le contre le monopole et la sp\u00e9culation<\/h2>\n<p class=\"news_item_view_plain_text\">Le d\u00e9partement a soulign\u00e9, qu\u2019\u00e0 la lumi\u00e8re des conditions exceptionnelles que la Tunisie traverse en raison de la pand\u00e9mie du Covid-19, des remous sociaux, des impacts climatiques et des probl\u00e9matiques conjucturelles de la production, la r\u00e9ussite de ce programme n\u00e9cessite la conjugaison des efforts de tous les intervenants.<\/p>\n<p class=\"news_item_view_plain_text\">Pour rappel, les services de contr\u00f4le \u00e9conomique ont assur\u00e9, au cours du dernier trimestre de l\u2019ann\u00e9e 2020, pr\u00e8s de 124 mille visites d\u2019inspection au cours desquelles plus de 17 mille infractions \u00e9conomiques ont \u00e9t\u00e9 relev\u00e9es.<\/p>\n<h2>Mettre fin \u00e0 la progression des prix<\/h2>\n<p class=\"news_item_view_plain_text\">Afin de faire face \u00e0 la hausse des prix des produits de consommation, le gouvernement a adopt\u00e9, au cours du conseil minist\u00e8riel restreint tenu le 28 octobre 2020, la mise en place d\u2019un programme urgent d\u2019intervention imm\u00e9diate destin\u00e9 \u00e0 mettre fin \u00e0 la progression des prix et \u00e0 lutter le contre le monopole et la\u00a0<a href=\"http:\/\/www.leconomistemaghrebin.com\/2020\/04\/16\/speculation-trois-ans-prison-48-mille-dt-amende\/\">sp\u00e9culation<\/a>, ce qui a contribu\u00e9 \u00e0 la baisse des prix.<\/p>\n<p class=\"news_item_view_plain_text\">Les donn\u00e9es du minist\u00e8re du\u00a0<a href=\"https:\/\/www.facebook.com\/MCDE.TUNISIE\">Commerce<\/a>\u00a0pr\u00e9cisent que l\u2019ex\u00e9cution de ce programme a permis d\u2019abaisser le taux d\u2019inflation \u00e0 4,9% au cours des mois de novembre et d\u00e9cembre 2020 contre 5,4% en octobre 2020 et 6,1% en d\u00e9cembre 2019.<\/p>\n<p class=\"news_item_view_plain_text\">Pour d\u00e9noncer toutes les pratiques illicites, le minist\u00e8re du Commerce indique un num\u00e9ro vert suivant:80100191,\u00a0 pour d\u00e9noncer les d\u00e9passements. Et ce dans les directions r\u00e9gionales du commerce ainsi que dans les diff\u00e9rents gouvernorats de la R\u00e9publique ou son si\u00e8ge central \u00e0 Tunis.<\/p>\n<p class=\"news_item_view_plain_text\">Avec TAP<\/p>\n<\/div>\n<footer>\n<\/footer>\n<div class=\"wp-post-author-wrap wp-post-author-shortcode left\">\n<h3 class=\"awpa-title\"\/>\n<div class=\"wp-post-author\">\n<div class=\"awpa-img awpa-author-block square\"><a href=\"http:\/\/lexpertjournal.net\/fr\/?author=5\"><img loading=\"lazy\" decoding=\"async\" alt=\"\" src=\"http:\/\/0.gravatar.com\/avatar\/97f8e10a1c1125ba104a76514ee07b16?s=150&amp;d=mm&amp;r=g\" srcset=\"http:\/\/0.gravatar.com\/avatar\/97f8e10a1c1125ba104a76514ee07b16?s=300&amp;d=mm&amp;r=g 2x\" class=\"avatar avatar-150 photo\" height=\"150\" width=\"150\"\/><\/a><\/div>\n<\/div>\n<\/div>\n<aside class=\"mashsb-container mashsb-main mashsb-stretched\">\n<\/aside>\n<p>Auteur: L&rsquo;expert<br \/>\n<a href=\"http:\/\/lexpertjournal.net\/fr\/?p=18295\">Cliquez ici pour lire l&rsquo;article depuis sa source.<\/a><\/p>\n","protected":false},"excerpt":{"rendered":"<p>Des pressions sur l\u2019approvisionnement en diff\u00e9rents produits agricoles, ont provoqu\u00e9 une hausse des prix. Ces produits agricoles comprennent les tomates, les oignons et les poivrons. Il est \u00e0 noter que la hausse a commenc\u00e9 \u00e0 partir de la deuxi\u00e8me semaine du mois de janvier 2021, selon des donn\u00e9es du minist\u00e8re du Commerce, d\u2019o\u00f9 l\u2019ex\u00e9cution d\u2019un [&hellip;]<\/p>\n","protected":false},"author":1775,"featured_media":0,"comment_status":"closed","ping_status":"closed","sticky":false,"template":"","format":"standard","meta":{"fifu_image_url":"http:\/\/0.gravatar.com\/avatar\/97f8e10a1c1125ba104a76514ee07b16?s=150&d=mm&r=g","fifu_image_alt":"Des pressions sur l\u2019approvisionnement en diff\u00e9rents produits agricoles provoquent une hausse des prix (Minist\u00e8re du Commerce)","footnotes":""},"categories":[78,55],"tags":[],"class_list":["post-109937","post","type-post","status-publish","format-standard","hentry","category-economie","category-tunisie"],"_links":{"self":[{"href":"https:\/\/linitiative.ca\/International\/wp-json\/wp\/v2\/posts\/109937","targetHints":{"allow":["GET"]}}],"collection":[{"href":"https:\/\/linitiative.ca\/International\/wp-json\/wp\/v2\/posts"}],"about":[{"href":"https:\/\/linitiative.ca\/International\/wp-json\/wp\/v2\/types\/post"}],"author":[{"embeddable":true,"href":"https:\/\/linitiative.ca\/International\/wp-json\/wp\/v2\/users\/1775"}],"replies":[{"embeddable":true,"href":"https:\/\/linitiative.ca\/International\/wp-json\/wp\/v2\/comments?post=109937"}],"version-history":[{"count":0,"href":"https:\/\/linitiative.ca\/International\/wp-json\/wp\/v2\/posts\/109937\/revisions"}],"wp:attachment":[{"href":"https:\/\/linitiative.ca\/International\/wp-json\/wp\/v2\/media?parent=109937"}],"wp:term":[{"taxonomy":"category","embeddable":true,"href":"https:\/\/linitiative.ca\/International\/wp-json\/wp\/v2\/categories?post=109937"},{"taxonomy":"post_tag","embeddable":true,"href":"https:\/\/linitiative.ca\/International\/wp-json\/wp\/v2\/tags?post=109937"}],"curies":[{"name":"wp","href":"https:\/\/api.w.org\/{rel}","templated":true}]}}