{"id":109939,"date":"2021-01-25T07:03:37","date_gmt":"2021-01-25T12:03:37","guid":{"rendered":"https:\/\/linitiative.ca\/International\/le-conseil-dadministration-le-personnel-de-la-bh-assurance-presentent-leurs-condoleances-a-leur-directrice-generale\/"},"modified":"2021-01-25T07:03:37","modified_gmt":"2021-01-25T12:03:37","slug":"le-conseil-dadministration-le-personnel-de-la-bh-assurance-presentent-leurs-condoleances-a-leur-directrice-generale","status":"publish","type":"post","link":"https:\/\/linitiative.ca\/International\/le-conseil-dadministration-le-personnel-de-la-bh-assurance-presentent-leurs-condoleances-a-leur-directrice-generale\/","title":{"rendered":"Le Conseil d\u2019Administration, le personnel de la BH Assurance pr\u00e9sentent leurs condol\u00e9ances \u00e0 leur directrice g\u00e9n\u00e9rale"},"content":{"rendered":"<p>\u00ab\u00a0Le Pr\u00e9sident et les membres du Conseil d\u2019Administration et l\u2019ensemble des Cadres et personnel de BH Assurance pr\u00e9sentent \u00e0 Madame la Directrice G\u00e9n\u00e9rale Dalila Bader, leurs sinc\u00e8res condol\u00e9ances\u00a0et leur profonde compassion suite au d\u00e9c\u00e8s de sa ch\u00e8re et regrett\u00e9e s\u0153ur.<\/p>\n<p class=\"c1\">Que Dieu le Tout-Puissant lui accorde Sa Mis\u00e9ricorde.\u00a0\u00bb<\/p>\n<div class=\"wp-post-author-wrap wp-post-author-shortcode left\">\n<h3 class=\"awpa-title\"\/>\n<div class=\"wp-post-author\">\n<div class=\"awpa-img awpa-author-block square\"><a href=\"http:\/\/lexpertjournal.net\/fr\/?author=5\"><img loading=\"lazy\" decoding=\"async\" alt=\"\" src=\"http:\/\/0.gravatar.com\/avatar\/97f8e10a1c1125ba104a76514ee07b16?s=150&amp;d=mm&amp;r=g\" srcset=\"http:\/\/0.gravatar.com\/avatar\/97f8e10a1c1125ba104a76514ee07b16?s=300&amp;d=mm&amp;r=g 2x\" class=\"avatar avatar-150 photo\" height=\"150\" width=\"150\"\/><\/a><\/div>\n<\/div>\n<\/div>\n<aside class=\"mashsb-container mashsb-main mashsb-stretched\">\n<\/aside>\n<p>Auteur: L&rsquo;expert<br \/>\n<a href=\"http:\/\/lexpertjournal.net\/fr\/?p=18306\">Cliquez ici pour lire l&rsquo;article depuis sa source.<\/a><\/p>\n","protected":false},"excerpt":{"rendered":"<p>\u00ab\u00a0Le Pr\u00e9sident et les membres du Conseil d\u2019Administration et l\u2019ensemble des Cadres et personnel de BH Assurance pr\u00e9sentent \u00e0 Madame la Directrice G\u00e9n\u00e9rale Dalila Bader, leurs sinc\u00e8res condol\u00e9ances\u00a0et leur profonde compassion suite au d\u00e9c\u00e8s de sa ch\u00e8re et regrett\u00e9e s\u0153ur. Que Dieu le Tout-Puissant lui accorde Sa Mis\u00e9ricorde.\u00a0\u00bb Auteur: L&rsquo;expert Cliquez ici pour lire l&rsquo;article [&hellip;]<\/p>\n","protected":false},"author":1775,"featured_media":0,"comment_status":"closed","ping_status":"closed","sticky":false,"template":"","format":"standard","meta":{"fifu_image_url":"http:\/\/0.gravatar.com\/avatar\/97f8e10a1c1125ba104a76514ee07b16?s=150&d=mm&r=g","fifu_image_alt":"Le Conseil d\u2019Administration, le personnel de la BH Assurance pr\u00e9sentent leurs condol\u00e9ances \u00e0 leur directrice g\u00e9n\u00e9rale","footnotes":""},"categories":[78,55],"tags":[],"class_list":["post-109939","post","type-post","status-publish","format-standard","hentry","category-economie","category-tunisie"],"_links":{"self":[{"href":"https:\/\/linitiative.ca\/International\/wp-json\/wp\/v2\/posts\/109939","targetHints":{"allow":["GET"]}}],"collection":[{"href":"https:\/\/linitiative.ca\/International\/wp-json\/wp\/v2\/posts"}],"about":[{"href":"https:\/\/linitiative.ca\/International\/wp-json\/wp\/v2\/types\/post"}],"author":[{"embeddable":true,"href":"https:\/\/linitiative.ca\/International\/wp-json\/wp\/v2\/users\/1775"}],"replies":[{"embeddable":true,"href":"https:\/\/linitiative.ca\/International\/wp-json\/wp\/v2\/comments?post=109939"}],"version-history":[{"count":0,"href":"https:\/\/linitiative.ca\/International\/wp-json\/wp\/v2\/posts\/109939\/revisions"}],"wp:attachment":[{"href":"https:\/\/linitiative.ca\/International\/wp-json\/wp\/v2\/media?parent=109939"}],"wp:term":[{"taxonomy":"category","embeddable":true,"href":"https:\/\/linitiative.ca\/International\/wp-json\/wp\/v2\/categories?post=109939"},{"taxonomy":"post_tag","embeddable":true,"href":"https:\/\/linitiative.ca\/International\/wp-json\/wp\/v2\/tags?post=109939"}],"curies":[{"name":"wp","href":"https:\/\/api.w.org\/{rel}","templated":true}]}}