{"id":109941,"date":"2021-01-25T06:03:00","date_gmt":"2021-01-25T11:03:00","guid":{"rendered":"https:\/\/linitiative.ca\/International\/pluies-orageuses-accompagnees-de-grele-a-partir-de-lundi-soir\/"},"modified":"2021-01-25T06:03:00","modified_gmt":"2021-01-25T11:03:00","slug":"pluies-orageuses-accompagnees-de-grele-a-partir-de-lundi-soir","status":"publish","type":"post","link":"https:\/\/linitiative.ca\/International\/pluies-orageuses-accompagnees-de-grele-a-partir-de-lundi-soir\/","title":{"rendered":"Pluies orageuses accompagn\u00e9es de gr\u00eale \u00e0 partir de lundi soir"},"content":{"rendered":"<div id=\"originalText\" readability=\"57\">\n<p>Des pluies parfois sous forme d&rsquo;averses orageuses, accompagn\u00e9es localement de chutes de gr\u00eales, affecteront les wilayas du Centre-Est et de l\u2019Est du pays \u00e0 partir de lundi soir, indique l&rsquo;Office national de la m\u00e9t\u00e9orologie dans un bulletin m\u00e9t\u00e9orologique sp\u00e9cial (BMS).<\/p>\n<p>Ce bulletin sp\u00e9cial concerne les wilayas de Boumerdes, Tizi-Ouzou, Bouira, Beja\u00efa, Jijel, Skikda, Annaba, El Tarf, Guelma et Souk Ahras, plac\u00e9es en \u00ab\u00a0vigilance Orange\u00a0\u00bb et affect\u00e9es de \u00ab\u00a0vents violents sous orages\u00a0\u00bb et ce, du lundi \u00e0 21h00 au mardi \u00e0 06h00.<\/p>\n<p>La quantit\u00e9 de pluie, estim\u00e9e entre 20 et 30 mm, peut atteindre ou d\u00e9passer localement 40 mm durant la p\u00e9riode de validit\u00e9 de ce BMS, dont le niveau de vigilance est Orange.<\/p>\n<p class=\"c6\"><strong>APS<\/strong><\/p>\n<\/div>\n<div id=\"text_core\" readability=\"57\">\n<p>Des pluies parfois sous forme d&rsquo;averses orageuses, accompagn\u00e9es localement de chutes de gr\u00eales, affecteront les wilayas du Centre-Est et de l\u2019Est du pays \u00e0 partir de lundi soir, indique l&rsquo;Office national de la m\u00e9t\u00e9orologie dans un bulletin m\u00e9t\u00e9orologique sp\u00e9cial (BMS).<\/p>\n<p>Ce bulletin sp\u00e9cial concerne les wilayas de Boumerdes, Tizi-Ouzou, Bouira, Beja\u00efa, Jijel, Skikda, Annaba, El Tarf, Guelma et Souk Ahras, plac\u00e9es en \u00ab\u00a0vigilance Orange\u00a0\u00bb et affect\u00e9es de \u00ab\u00a0vents violents sous orages\u00a0\u00bb et ce, du lundi \u00e0 21h00 au mardi \u00e0 06h00.<\/p>\n<p>La quantit\u00e9 de pluie, estim\u00e9e entre 20 et 30 mm, peut atteindre ou d\u00e9passer localement 40 mm durant la p\u00e9riode de validit\u00e9 de ce BMS, dont le niveau de vigilance est Orange.<\/p>\n<p class=\"c6\"><strong>APS<\/strong><\/p>\n<\/div>\n<p>Auteur:<br \/>\n<a href=\"https:\/\/www.liberte-algerie.com\/actualite\/pluies-orageuses-accompagnees-de-grele-a-partir-de-lundi-soir-353022\">Cliquez ici pour lire l&rsquo;article depuis sa source.<\/a><\/p>\n","protected":false},"excerpt":{"rendered":"<p>Des pluies parfois sous forme d&rsquo;averses orageuses, accompagn\u00e9es localement de chutes de gr\u00eales, affecteront les wilayas du Centre-Est et de l\u2019Est du pays \u00e0 partir de lundi soir, indique l&rsquo;Office national de la m\u00e9t\u00e9orologie dans un bulletin m\u00e9t\u00e9orologique sp\u00e9cial (BMS). Ce bulletin sp\u00e9cial concerne les wilayas de Boumerdes, Tizi-Ouzou, Bouira, Beja\u00efa, Jijel, Skikda, Annaba, El [&hellip;]<\/p>\n","protected":false},"author":1742,"featured_media":0,"comment_status":"closed","ping_status":"closed","sticky":false,"template":"","format":"standard","meta":{"fifu_image_url":"","fifu_image_alt":"","footnotes":""},"categories":[73,53],"tags":[],"class_list":["post-109941","post","type-post","status-publish","format-standard","hentry","category-actualite","category-algerie"],"_links":{"self":[{"href":"https:\/\/linitiative.ca\/International\/wp-json\/wp\/v2\/posts\/109941","targetHints":{"allow":["GET"]}}],"collection":[{"href":"https:\/\/linitiative.ca\/International\/wp-json\/wp\/v2\/posts"}],"about":[{"href":"https:\/\/linitiative.ca\/International\/wp-json\/wp\/v2\/types\/post"}],"author":[{"embeddable":true,"href":"https:\/\/linitiative.ca\/International\/wp-json\/wp\/v2\/users\/1742"}],"replies":[{"embeddable":true,"href":"https:\/\/linitiative.ca\/International\/wp-json\/wp\/v2\/comments?post=109941"}],"version-history":[{"count":0,"href":"https:\/\/linitiative.ca\/International\/wp-json\/wp\/v2\/posts\/109941\/revisions"}],"wp:attachment":[{"href":"https:\/\/linitiative.ca\/International\/wp-json\/wp\/v2\/media?parent=109941"}],"wp:term":[{"taxonomy":"category","embeddable":true,"href":"https:\/\/linitiative.ca\/International\/wp-json\/wp\/v2\/categories?post=109941"},{"taxonomy":"post_tag","embeddable":true,"href":"https:\/\/linitiative.ca\/International\/wp-json\/wp\/v2\/tags?post=109941"}],"curies":[{"name":"wp","href":"https:\/\/api.w.org\/{rel}","templated":true}]}}