{"id":109946,"date":"2021-01-25T12:51:17","date_gmt":"2021-01-25T17:51:17","guid":{"rendered":"https:\/\/linitiative.ca\/International\/covid-19-mobilisation-pour-reussir-la-campagne-de-vaccination\/"},"modified":"2021-01-25T12:51:17","modified_gmt":"2021-01-25T17:51:17","slug":"covid-19-mobilisation-pour-reussir-la-campagne-de-vaccination","status":"publish","type":"post","link":"https:\/\/linitiative.ca\/International\/covid-19-mobilisation-pour-reussir-la-campagne-de-vaccination\/","title":{"rendered":"Covid-19: Mobilisation pour r\u00e9ussir la campagne de vaccination"},"content":{"rendered":"<div readability=\"38\">\n<p>Le minist\u00e8re la Sant\u00e9 a mobilis\u00e9 les ressources humaines et mat\u00e9rielles n\u00e9cessaire pour mener \u00e0 bien la campagne nationale de vaccination anti-coronavirus (Covid-19), a-t-on assur\u00e9 lundi, \u00e0 Casablanca, en marge du d\u00e9but de la distribution des premi\u00e8res doses du vaccin sur les diff\u00e9rentes r\u00e9gions du Royaume.<\/p>\n<\/div>\n<div readability=\"107\">\n<p>Des responsables du minist\u00e8re, pr\u00e9sents dans les locaux de la R\u00e9gie autonome des frigorifiques de Casablanca (RAFC) o\u00f9 les vaccins sont stock\u00e9s dans des conditions de s\u00e9curit\u00e9 tr\u00e8s renforc\u00e9es, ont d\u00e9taill\u00e9 le dispositif mis en place concernant les moyens humains mis \u00e0 contribution, les capacit\u00e9s logistiques et techniques d\u00e9ploy\u00e9es ainsi que la nature des partenariats avec les op\u00e9rateurs du secteur priv\u00e9 impliqu\u00e9s.<\/p>\n<p>\u00ab\u00a0Suite aux Hautes orientations de Sa Majest\u00e9 le Roi Mohammed VI et dans le cadre de la strat\u00e9gie nationale de vaccination contre le Covid-19, le minist\u00e8re de la Sant\u00e9 a mobilis\u00e9 d\u2019\u00e9normes moyens humains, logistiques et techniques pour r\u00e9ussir cette op\u00e9ration\u00a0\u00bb, a affirm\u00e9, dans une d\u00e9claration \u00e0 la presse, Ahdi Mahjoub, Directeur de l\u2019approvisionnement au minist\u00e8re.<\/p>\n<p>Cette op\u00e9ration, qui conna\u00eet la mobilisation de m\u00e9decins, pharmaciens, infirmiers, techniciens et administratifs, a n\u00e9cessit\u00e9 la mise en place de partenariats avec le secteur priv\u00e9 pour b\u00e9n\u00e9ficier de son expertise sur les plans logistique et technique, a-t-il poursuivi.<\/p>\n<p>Dans ce sens, M. Mahjoub a fait \u00e9tat de la mise \u00e0 disposition du minist\u00e8re de la Sant\u00e9 d\u2019une capacit\u00e9 de stockage qui d\u00e9passe les 50.000 m3.<\/p>\n<p>Pour ce qui est de la contribution des d\u00e9l\u00e9gations, la capacit\u00e9 du stockage des pharmacies provinciales et des centres de vaccination a \u00e9t\u00e9 mise \u00e0 niveau et ce, par l\u2019acquisition des moyens techniques et installations frigorifiques importantes, a-t-il indiqu\u00e9.<\/p>\n<p>\u00ab\u00a0Nous avons eu l\u2019occasion d\u2019approvisionner les diff\u00e9rents centres par les produits pharmaceutiques n\u00e9cessaires (moyens de protection et d\u2019hygi\u00e8ne) pour garantir le bon d\u00e9roulement de cette op\u00e9ration\u00a0\u00bb, a-t-il expliqu\u00e9.<\/p>\n<p>C\u00f4t\u00e9 syst\u00e8me d\u2019information, M. Mahjoub a mis en avant la mise en place des applications informatiques qui permettent un suivi num\u00e9rique de toute l\u2019op\u00e9ration, de la r\u00e9ception \u00e0 la livraison, avec un suivi de la temp\u00e9rature pour assurer la conservation ad\u00e9quate du vaccin selon les normes internationales.<\/p>\n<p>Au l\u2019occasion du lancement de cette op\u00e9ration, le ministre de la Sant\u00e9, Khalid Ait Taleb, s\u2019est rendu sur le site de la RAFC, o\u00f9 il s\u2019est assur\u00e9 du bon d\u00e9roulement des diff\u00e9rentes \u00e9tapes de ce processus en termes de stockage, de chargement et de distribution.<\/p>\n<p>Le Maroc a re\u00e7u, vendredi dernier, une premi\u00e8re livraison du vaccin britannique Astrazeneca, fabriqu\u00e9 en Inde, de m\u00eame qu\u2019il devra r\u00e9ceptionner, ce mercredi, la premi\u00e8re livraison du vaccin SinoPharm, en provenance de Chine.<\/p>\n<p>En ex\u00e9cution des Hautes instructions royales, le Maroc a acquis une quantit\u00e9 des vaccins suffisante pour 33 millions d\u2019habitants (66 millions de doses).<\/p>\n<\/div>\n<p>Auteur: Meriem IGASS<br \/>\n<a href=\"http:\/\/www.mapmarrakech.ma\/fr\/covid-19-mobilisation-pour-reussir-la-campagne-de-vaccination\/\">Cliquez ici pour lire l&rsquo;article depuis sa source.<\/a><\/p>\n","protected":false},"excerpt":{"rendered":"<p>Le minist\u00e8re la Sant\u00e9 a mobilis\u00e9 les ressources humaines et mat\u00e9rielles n\u00e9cessaire pour mener \u00e0 bien la campagne nationale de vaccination anti-coronavirus (Covid-19), a-t-on assur\u00e9 lundi, \u00e0 Casablanca, en marge du d\u00e9but de la distribution des premi\u00e8res doses du vaccin sur les diff\u00e9rentes r\u00e9gions du Royaume. Des responsables du minist\u00e8re, pr\u00e9sents dans les locaux de [&hellip;]<\/p>\n","protected":false},"author":1788,"featured_media":0,"comment_status":"closed","ping_status":"closed","sticky":false,"template":"","format":"standard","meta":{"fifu_image_url":"","fifu_image_alt":"","footnotes":""},"categories":[54,76],"tags":[],"class_list":["post-109946","post","type-post","status-publish","format-standard","hentry","category-maroc","category-regions"],"_links":{"self":[{"href":"https:\/\/linitiative.ca\/International\/wp-json\/wp\/v2\/posts\/109946","targetHints":{"allow":["GET"]}}],"collection":[{"href":"https:\/\/linitiative.ca\/International\/wp-json\/wp\/v2\/posts"}],"about":[{"href":"https:\/\/linitiative.ca\/International\/wp-json\/wp\/v2\/types\/post"}],"author":[{"embeddable":true,"href":"https:\/\/linitiative.ca\/International\/wp-json\/wp\/v2\/users\/1788"}],"replies":[{"embeddable":true,"href":"https:\/\/linitiative.ca\/International\/wp-json\/wp\/v2\/comments?post=109946"}],"version-history":[{"count":0,"href":"https:\/\/linitiative.ca\/International\/wp-json\/wp\/v2\/posts\/109946\/revisions"}],"wp:attachment":[{"href":"https:\/\/linitiative.ca\/International\/wp-json\/wp\/v2\/media?parent=109946"}],"wp:term":[{"taxonomy":"category","embeddable":true,"href":"https:\/\/linitiative.ca\/International\/wp-json\/wp\/v2\/categories?post=109946"},{"taxonomy":"post_tag","embeddable":true,"href":"https:\/\/linitiative.ca\/International\/wp-json\/wp\/v2\/tags?post=109946"}],"curies":[{"name":"wp","href":"https:\/\/api.w.org\/{rel}","templated":true}]}}