{"id":109954,"date":"2021-01-25T15:14:01","date_gmt":"2021-01-25T20:14:01","guid":{"rendered":"https:\/\/linitiative.ca\/International\/pros-le-chef-doeuvre-de-belaili-face-a-al-shamal-video\/"},"modified":"2021-01-25T15:14:01","modified_gmt":"2021-01-25T20:14:01","slug":"pros-le-chef-doeuvre-de-belaili-face-a-al-shamal-video","status":"publish","type":"post","link":"https:\/\/linitiative.ca\/International\/pros-le-chef-doeuvre-de-belaili-face-a-al-shamal-video\/","title":{"rendered":"Pros : Le chef d\u2019\u0153uvre de Belaili face \u00e0 Al Shamal (Vid\u00e9o)"},"content":{"rendered":"<div readability=\"32\">\n<p>Auteur : <span class=\"time\">lundi 25 janvier 2021 18:04<\/span><\/p>\n<\/div>\n<div id=\"post_core\" readability=\"38\">\n<p>Youcef Belaili a de nouveau frapp\u00e9 avec son club du Qatar SC. Le joueur de l\u2019EN a sign\u00e9 un tr\u00e8s joli but aujourd\u2019hui lors de la rencontre de son \u00e9quipe face \u00e0 Al Shamal en coupe du prince du Qatar. \u00a0D\u00e9sormais, l\u2019enfant d\u2019Oran compte 13 buts \u00e0 son actif, toutes comp\u00e9titions confondues, avec le Qatar SC.<\/p>\n<p><iframe loading=\"lazy\" allow=\"accelerometer; autoplay; clipboard-write; encrypted-media; gyroscope; picture-in-picture\" allowfullscreen=\"\" frameborder=\"0\" height=\"315\" src=\"https:\/\/www.youtube.com\/embed\/MipptZbt95o\" width=\"560\">[embedded content]<\/iframe><\/p>\n<p><strong>Publi\u00e9 dans :<\/strong> <span>Bela\u00efli<\/span><\/p>\n<\/div>\n<p>Auteur:<br \/>\n<a href=\"http:\/\/www.lebuteur.com\/article\/detail?titre=le-chef-doeuvre-de-belaili-face-a-al-shamal-video&#038;id=98841&#038;utm_source=feedburner&#038;utm_medium=feed&#038;utm_campaign=Feed%3A+GalerieFArtciles+%28Les+derniers+articles++-+lebuteur.com%29\">Cliquez ici pour lire l&rsquo;article depuis sa source.<\/a><\/p>\n","protected":false},"excerpt":{"rendered":"<p>Auteur : lundi 25 janvier 2021 18:04 Youcef Belaili a de nouveau frapp\u00e9 avec son club du Qatar SC. Le joueur de l\u2019EN a sign\u00e9 un tr\u00e8s joli but aujourd\u2019hui lors de la rencontre de son \u00e9quipe face \u00e0 Al Shamal en coupe du prince du Qatar. \u00a0D\u00e9sormais, l\u2019enfant d\u2019Oran compte 13 buts \u00e0 son [&hellip;]<\/p>\n","protected":false},"author":1738,"featured_media":0,"comment_status":"closed","ping_status":"closed","sticky":false,"template":"","format":"standard","meta":{"fifu_image_url":"\/\/cdn.lebuteur.com\/data\/images\/article\/thumbs\/large-le-chef-doeuvre-de-belaili-face-a-al-shamal-video-e2a25.jpg","fifu_image_alt":"Pros : Le chef d\u2019\u0153uvre de Belaili face \u00e0 Al Shamal (Vid\u00e9o)","footnotes":""},"categories":[53,75],"tags":[],"class_list":["post-109954","post","type-post","status-publish","format-standard","hentry","category-algerie","category-sport"],"_links":{"self":[{"href":"https:\/\/linitiative.ca\/International\/wp-json\/wp\/v2\/posts\/109954","targetHints":{"allow":["GET"]}}],"collection":[{"href":"https:\/\/linitiative.ca\/International\/wp-json\/wp\/v2\/posts"}],"about":[{"href":"https:\/\/linitiative.ca\/International\/wp-json\/wp\/v2\/types\/post"}],"author":[{"embeddable":true,"href":"https:\/\/linitiative.ca\/International\/wp-json\/wp\/v2\/users\/1738"}],"replies":[{"embeddable":true,"href":"https:\/\/linitiative.ca\/International\/wp-json\/wp\/v2\/comments?post=109954"}],"version-history":[{"count":0,"href":"https:\/\/linitiative.ca\/International\/wp-json\/wp\/v2\/posts\/109954\/revisions"}],"wp:attachment":[{"href":"https:\/\/linitiative.ca\/International\/wp-json\/wp\/v2\/media?parent=109954"}],"wp:term":[{"taxonomy":"category","embeddable":true,"href":"https:\/\/linitiative.ca\/International\/wp-json\/wp\/v2\/categories?post=109954"},{"taxonomy":"post_tag","embeddable":true,"href":"https:\/\/linitiative.ca\/International\/wp-json\/wp\/v2\/tags?post=109954"}],"curies":[{"name":"wp","href":"https:\/\/api.w.org\/{rel}","templated":true}]}}