{"id":109955,"date":"2021-01-25T15:14:03","date_gmt":"2021-01-25T20:14:03","guid":{"rendered":"https:\/\/linitiative.ca\/International\/pros-milan-ac-maldini-songe-a-prolonger-bennacer\/"},"modified":"2021-01-25T15:14:03","modified_gmt":"2021-01-25T20:14:03","slug":"pros-milan-ac-maldini-songe-a-prolonger-bennacer","status":"publish","type":"post","link":"https:\/\/linitiative.ca\/International\/pros-milan-ac-maldini-songe-a-prolonger-bennacer\/","title":{"rendered":"Pros : Milan AC: Maldini songe \u00e0 prolonger Bennacer"},"content":{"rendered":"<div readability=\"32\">\n<p>Auteur : <span>Riad O.<\/span> <span class=\"time\">lundi 25 janvier 2021 18:05<\/span><\/p>\n<\/div>\n<div id=\"post_core\" readability=\"41\">\n<p>\u00c0 en croire le m\u00e9dia italien, CalcioMercato, Paolo Maldini songe s\u00e9rieusement \u00e0 prolonger son joueur alg\u00e9rien, Isma\u00ebl Bennacer. La m\u00eame source indique que Maldini aurait peur de voir un club \u00e9tranger (Un club non-italien) payer sa clause lib\u00e9ratoire estim\u00e9e \u00e0 50 millions d\u2019euros. Ainsi donc, les responsables du club lombard songeraient \u00e0 prolonger le contrat du meilleur joueur de la CAN 2019, tout en augmentant le montant de sa clause lib\u00e9ratoire. Rappelons que Bennacer serait dans le viseur de nombreux cadros europ\u00e9ens tels que Manchester City, le Real Madrid et le PSG.<\/p>\n<p><u><strong>Riad O.<\/strong><\/u><\/p>\n<p><strong>Publi\u00e9 dans :<\/strong> <span>BENNACER<\/span><\/p>\n<\/div>\n<p>Auteur:<br \/>\n<a href=\"http:\/\/www.lebuteur.com\/article\/detail?titre=milan-ac-maldini-songe-a-prolonger-bennacer&#038;id=98842&#038;utm_source=feedburner&#038;utm_medium=feed&#038;utm_campaign=Feed%3A+GalerieFArtciles+%28Les+derniers+articles++-+lebuteur.com%29\">Cliquez ici pour lire l&rsquo;article depuis sa source.<\/a><\/p>\n","protected":false},"excerpt":{"rendered":"<p>Auteur : Riad O. lundi 25 janvier 2021 18:05 \u00c0 en croire le m\u00e9dia italien, CalcioMercato, Paolo Maldini songe s\u00e9rieusement \u00e0 prolonger son joueur alg\u00e9rien, Isma\u00ebl Bennacer. La m\u00eame source indique que Maldini aurait peur de voir un club \u00e9tranger (Un club non-italien) payer sa clause lib\u00e9ratoire estim\u00e9e \u00e0 50 millions d\u2019euros. Ainsi donc, les [&hellip;]<\/p>\n","protected":false},"author":1738,"featured_media":0,"comment_status":"closed","ping_status":"closed","sticky":false,"template":"","format":"standard","meta":{"fifu_image_url":"\/\/cdn.lebuteur.com\/data\/images\/article\/thumbs\/large-milan-ac-maldini-songe-a-prolonger-bennacer-fd5c5.jpg","fifu_image_alt":"Pros : Milan AC: Maldini songe \u00e0 prolonger Bennacer","footnotes":""},"categories":[53,75],"tags":[],"class_list":["post-109955","post","type-post","status-publish","format-standard","hentry","category-algerie","category-sport"],"_links":{"self":[{"href":"https:\/\/linitiative.ca\/International\/wp-json\/wp\/v2\/posts\/109955","targetHints":{"allow":["GET"]}}],"collection":[{"href":"https:\/\/linitiative.ca\/International\/wp-json\/wp\/v2\/posts"}],"about":[{"href":"https:\/\/linitiative.ca\/International\/wp-json\/wp\/v2\/types\/post"}],"author":[{"embeddable":true,"href":"https:\/\/linitiative.ca\/International\/wp-json\/wp\/v2\/users\/1738"}],"replies":[{"embeddable":true,"href":"https:\/\/linitiative.ca\/International\/wp-json\/wp\/v2\/comments?post=109955"}],"version-history":[{"count":0,"href":"https:\/\/linitiative.ca\/International\/wp-json\/wp\/v2\/posts\/109955\/revisions"}],"wp:attachment":[{"href":"https:\/\/linitiative.ca\/International\/wp-json\/wp\/v2\/media?parent=109955"}],"wp:term":[{"taxonomy":"category","embeddable":true,"href":"https:\/\/linitiative.ca\/International\/wp-json\/wp\/v2\/categories?post=109955"},{"taxonomy":"post_tag","embeddable":true,"href":"https:\/\/linitiative.ca\/International\/wp-json\/wp\/v2\/tags?post=109955"}],"curies":[{"name":"wp","href":"https:\/\/api.w.org\/{rel}","templated":true}]}}