{"id":109956,"date":"2021-01-25T15:14:05","date_gmt":"2021-01-25T20:14:05","guid":{"rendered":"https:\/\/linitiative.ca\/International\/pros-la-lazio-veut-recruter-mandi-cet-hiver\/"},"modified":"2021-01-25T15:14:05","modified_gmt":"2021-01-25T20:14:05","slug":"pros-la-lazio-veut-recruter-mandi-cet-hiver","status":"publish","type":"post","link":"https:\/\/linitiative.ca\/International\/pros-la-lazio-veut-recruter-mandi-cet-hiver\/","title":{"rendered":"Pros : La Lazio veut recruter Mandi cet hiver"},"content":{"rendered":"<div readability=\"32\">\n<p>Auteur : <span>Riad O.<\/span> <span class=\"time\">lundi 25 janvier 2021 18:24<\/span><\/p>\n<\/div>\n<div id=\"post_core\" readability=\"36\">\n<p>A en croire la presse italienne, la direction de la Lazio de Rome songerait s\u00e9rieusement au recrutement d\u2019Aissa Mandi cet hiver. \u00a0Selon la m\u00eame source toujours, Mandi serait la priorit\u00e9 du club de la capitale italienne cet hiver.<\/p>\n<p><u><strong>Riad O.<\/strong><\/u><\/p>\n<p><strong>Publi\u00e9 dans :<\/strong> <span>Mandi<\/span><\/p>\n<\/div>\n<p>Auteur:<br \/>\n<a href=\"http:\/\/www.lebuteur.com\/article\/detail?titre=la-lazio-veut-recruter-mandi-cet-hiver&#038;id=98843&#038;utm_source=feedburner&#038;utm_medium=feed&#038;utm_campaign=Feed%3A+GalerieFArtciles+%28Les+derniers+articles++-+lebuteur.com%29\">Cliquez ici pour lire l&rsquo;article depuis sa source.<\/a><\/p>\n","protected":false},"excerpt":{"rendered":"<p>Auteur : Riad O. lundi 25 janvier 2021 18:24 A en croire la presse italienne, la direction de la Lazio de Rome songerait s\u00e9rieusement au recrutement d\u2019Aissa Mandi cet hiver. \u00a0Selon la m\u00eame source toujours, Mandi serait la priorit\u00e9 du club de la capitale italienne cet hiver. Riad O. Publi\u00e9 dans : Mandi Auteur: Cliquez [&hellip;]<\/p>\n","protected":false},"author":1738,"featured_media":0,"comment_status":"closed","ping_status":"closed","sticky":false,"template":"","format":"standard","meta":{"fifu_image_url":"\/\/cdn.lebuteur.com\/data\/images\/article\/thumbs\/large-la-lazio-veut-recruter-mandi-cet-hiver-9718d.jpg","fifu_image_alt":"Pros : La Lazio veut recruter Mandi cet hiver","footnotes":""},"categories":[53,75],"tags":[],"class_list":["post-109956","post","type-post","status-publish","format-standard","hentry","category-algerie","category-sport"],"_links":{"self":[{"href":"https:\/\/linitiative.ca\/International\/wp-json\/wp\/v2\/posts\/109956","targetHints":{"allow":["GET"]}}],"collection":[{"href":"https:\/\/linitiative.ca\/International\/wp-json\/wp\/v2\/posts"}],"about":[{"href":"https:\/\/linitiative.ca\/International\/wp-json\/wp\/v2\/types\/post"}],"author":[{"embeddable":true,"href":"https:\/\/linitiative.ca\/International\/wp-json\/wp\/v2\/users\/1738"}],"replies":[{"embeddable":true,"href":"https:\/\/linitiative.ca\/International\/wp-json\/wp\/v2\/comments?post=109956"}],"version-history":[{"count":0,"href":"https:\/\/linitiative.ca\/International\/wp-json\/wp\/v2\/posts\/109956\/revisions"}],"wp:attachment":[{"href":"https:\/\/linitiative.ca\/International\/wp-json\/wp\/v2\/media?parent=109956"}],"wp:term":[{"taxonomy":"category","embeddable":true,"href":"https:\/\/linitiative.ca\/International\/wp-json\/wp\/v2\/categories?post=109956"},{"taxonomy":"post_tag","embeddable":true,"href":"https:\/\/linitiative.ca\/International\/wp-json\/wp\/v2\/tags?post=109956"}],"curies":[{"name":"wp","href":"https:\/\/api.w.org\/{rel}","templated":true}]}}