{"id":109957,"date":"2021-01-25T15:14:07","date_gmt":"2021-01-25T20:14:07","guid":{"rendered":"https:\/\/linitiative.ca\/International\/pros-galatasaray-feghouli-connait-la-duree-de-son-indisponibilite\/"},"modified":"2021-01-25T15:14:07","modified_gmt":"2021-01-25T20:14:07","slug":"pros-galatasaray-feghouli-connait-la-duree-de-son-indisponibilite","status":"publish","type":"post","link":"https:\/\/linitiative.ca\/International\/pros-galatasaray-feghouli-connait-la-duree-de-son-indisponibilite\/","title":{"rendered":"Pros : Galatasaray: Feghouli connait la dur\u00e9e de son indisponibilit\u00e9"},"content":{"rendered":"<div readability=\"32\">\n<p>Auteur : <span>Riad O.<\/span> <span class=\"time\">lundi 25 janvier 2021 18:25<\/span><\/p>\n<\/div>\n<div id=\"post_core\" readability=\"36\">\n<p>Coup dur pour le joueur milieu de terrain Alg\u00e9rien du Galatasaray, Sofiane Feghouli. Victime d\u2019une blessure lors du pr\u00e9c\u00e9dent match de son \u00e9quipe en championnat de Turquie, le joueur de l\u2019EN devrait s\u2019\u00e9loigner des terrains pendant trois semaines.<\/p>\n<p><u><strong>Riad O.<\/strong><\/u><\/p>\n<p><strong>Publi\u00e9 dans :<\/strong> <span>Feghouli<\/span><\/p>\n<\/div>\n<p>Auteur:<br \/>\n<a href=\"http:\/\/www.lebuteur.com\/article\/detail?titre=galatasaray-feghouli-connait-la-duree-de-son-indisponibilite&#038;id=98844&#038;utm_source=feedburner&#038;utm_medium=feed&#038;utm_campaign=Feed%3A+GalerieFArtciles+%28Les+derniers+articles++-+lebuteur.com%29\">Cliquez ici pour lire l&rsquo;article depuis sa source.<\/a><\/p>\n","protected":false},"excerpt":{"rendered":"<p>Auteur : Riad O. lundi 25 janvier 2021 18:25 Coup dur pour le joueur milieu de terrain Alg\u00e9rien du Galatasaray, Sofiane Feghouli. Victime d\u2019une blessure lors du pr\u00e9c\u00e9dent match de son \u00e9quipe en championnat de Turquie, le joueur de l\u2019EN devrait s\u2019\u00e9loigner des terrains pendant trois semaines. Riad O. Publi\u00e9 dans : Feghouli Auteur: Cliquez [&hellip;]<\/p>\n","protected":false},"author":1738,"featured_media":0,"comment_status":"closed","ping_status":"closed","sticky":false,"template":"","format":"standard","meta":{"fifu_image_url":"\/\/cdn.lebuteur.com\/data\/images\/article\/thumbs\/large-galatasaray-feghouli-connait-la-duree-de-son-indisponibilite-35c25.jpg","fifu_image_alt":"Pros : Galatasaray: Feghouli connait la dur\u00e9e de son indisponibilit\u00e9","footnotes":""},"categories":[53,75],"tags":[],"class_list":["post-109957","post","type-post","status-publish","format-standard","hentry","category-algerie","category-sport"],"_links":{"self":[{"href":"https:\/\/linitiative.ca\/International\/wp-json\/wp\/v2\/posts\/109957","targetHints":{"allow":["GET"]}}],"collection":[{"href":"https:\/\/linitiative.ca\/International\/wp-json\/wp\/v2\/posts"}],"about":[{"href":"https:\/\/linitiative.ca\/International\/wp-json\/wp\/v2\/types\/post"}],"author":[{"embeddable":true,"href":"https:\/\/linitiative.ca\/International\/wp-json\/wp\/v2\/users\/1738"}],"replies":[{"embeddable":true,"href":"https:\/\/linitiative.ca\/International\/wp-json\/wp\/v2\/comments?post=109957"}],"version-history":[{"count":0,"href":"https:\/\/linitiative.ca\/International\/wp-json\/wp\/v2\/posts\/109957\/revisions"}],"wp:attachment":[{"href":"https:\/\/linitiative.ca\/International\/wp-json\/wp\/v2\/media?parent=109957"}],"wp:term":[{"taxonomy":"category","embeddable":true,"href":"https:\/\/linitiative.ca\/International\/wp-json\/wp\/v2\/categories?post=109957"},{"taxonomy":"post_tag","embeddable":true,"href":"https:\/\/linitiative.ca\/International\/wp-json\/wp\/v2\/tags?post=109957"}],"curies":[{"name":"wp","href":"https:\/\/api.w.org\/{rel}","templated":true}]}}