{"id":109958,"date":"2021-01-25T15:14:09","date_gmt":"2021-01-25T20:14:09","guid":{"rendered":"https:\/\/linitiative.ca\/International\/pros-le-milan-ac-songe-a-ghoulam\/"},"modified":"2021-01-25T15:14:09","modified_gmt":"2021-01-25T20:14:09","slug":"pros-le-milan-ac-songe-a-ghoulam","status":"publish","type":"post","link":"https:\/\/linitiative.ca\/International\/pros-le-milan-ac-songe-a-ghoulam\/","title":{"rendered":"Pros : Le Milan AC songe \u00e0 Ghoulam"},"content":{"rendered":"<div readability=\"32\">\n<p>Auteur : <span>Riad O.<\/span> <span class=\"time\">lundi 25 janvier 2021 18:26<\/span><\/p>\n<\/div>\n<div id=\"post_core\" readability=\"42\">\n<p>A en croire le m\u00e9dia italien, Calcio Mercato Web, la direction du Milan AC aurait un \u0153il sur le d\u00e9fenseur Alg\u00e9rien de Naples, Faouzi Ghoulam. L\u2019int\u00e9r\u00eat du club lombard pour Ghoulam s\u2019explique, selon le m\u00e9dia italien, par l\u2019int\u00e9r\u00eat des Milanais de faire jouer Theo Hernandez comme ailier gauche. Cependant, l\u2019\u00e9tat physique de Ghoulam pourrait poser probl\u00e8me, lui qui n\u2019a pas beaucoup jou\u00e9 ces derniers temps.<\/p>\n<p><u><strong>Riad O.<\/strong><\/u><\/p>\n<p><strong>Publi\u00e9 dans :<\/strong> <span>ghoulam<\/span><\/p>\n<\/div>\n<p>Auteur:<br \/>\n<a href=\"http:\/\/www.lebuteur.com\/article\/detail?titre=le-milan-ac-songe-a-ghoulam&#038;id=98845&#038;utm_source=feedburner&#038;utm_medium=feed&#038;utm_campaign=Feed%3A+GalerieFArtciles+%28Les+derniers+articles++-+lebuteur.com%29\">Cliquez ici pour lire l&rsquo;article depuis sa source.<\/a><\/p>\n","protected":false},"excerpt":{"rendered":"<p>Auteur : Riad O. lundi 25 janvier 2021 18:26 A en croire le m\u00e9dia italien, Calcio Mercato Web, la direction du Milan AC aurait un \u0153il sur le d\u00e9fenseur Alg\u00e9rien de Naples, Faouzi Ghoulam. L\u2019int\u00e9r\u00eat du club lombard pour Ghoulam s\u2019explique, selon le m\u00e9dia italien, par l\u2019int\u00e9r\u00eat des Milanais de faire jouer Theo Hernandez comme [&hellip;]<\/p>\n","protected":false},"author":1738,"featured_media":0,"comment_status":"closed","ping_status":"closed","sticky":false,"template":"","format":"standard","meta":{"fifu_image_url":"\/\/cdn.lebuteur.com\/data\/images\/article\/thumbs\/large-le-milan-ac-songe-a-ghoulam-2691b.jpg","fifu_image_alt":"Pros : Le Milan AC songe \u00e0 Ghoulam","footnotes":""},"categories":[53,75],"tags":[],"class_list":["post-109958","post","type-post","status-publish","format-standard","hentry","category-algerie","category-sport"],"_links":{"self":[{"href":"https:\/\/linitiative.ca\/International\/wp-json\/wp\/v2\/posts\/109958","targetHints":{"allow":["GET"]}}],"collection":[{"href":"https:\/\/linitiative.ca\/International\/wp-json\/wp\/v2\/posts"}],"about":[{"href":"https:\/\/linitiative.ca\/International\/wp-json\/wp\/v2\/types\/post"}],"author":[{"embeddable":true,"href":"https:\/\/linitiative.ca\/International\/wp-json\/wp\/v2\/users\/1738"}],"replies":[{"embeddable":true,"href":"https:\/\/linitiative.ca\/International\/wp-json\/wp\/v2\/comments?post=109958"}],"version-history":[{"count":0,"href":"https:\/\/linitiative.ca\/International\/wp-json\/wp\/v2\/posts\/109958\/revisions"}],"wp:attachment":[{"href":"https:\/\/linitiative.ca\/International\/wp-json\/wp\/v2\/media?parent=109958"}],"wp:term":[{"taxonomy":"category","embeddable":true,"href":"https:\/\/linitiative.ca\/International\/wp-json\/wp\/v2\/categories?post=109958"},{"taxonomy":"post_tag","embeddable":true,"href":"https:\/\/linitiative.ca\/International\/wp-json\/wp\/v2\/tags?post=109958"}],"curies":[{"name":"wp","href":"https:\/\/api.w.org\/{rel}","templated":true}]}}