{"id":109963,"date":"2021-01-25T12:53:00","date_gmt":"2021-01-25T17:53:00","guid":{"rendered":"https:\/\/linitiative.ca\/International\/saied-mechichi-duel-au-sommet-blocage-annonce\/"},"modified":"2021-01-25T12:53:00","modified_gmt":"2021-01-25T17:53:00","slug":"saied-mechichi-duel-au-sommet-blocage-annonce","status":"publish","type":"post","link":"https:\/\/linitiative.ca\/International\/saied-mechichi-duel-au-sommet-blocage-annonce\/","title":{"rendered":"Sa\u00efed \u2013 Mechichi : Duel au sommet, blocage annonc\u00e9"},"content":{"rendered":"<p>\u00ab \u00c7a suffit\u00a0! \u00c7a suffit\u00a0! \u00c7a suffit\u00a0! Nous avons tant endur\u00e9 ces dix derni\u00e8res ann\u00e9es, par respect. Mais, nous n\u2019h\u00e9siterons pas \u00e0 clamer haut et fort ce que nous consid\u00e9rons comme juste et \u00e0 assumer pleinement notre charge.\u00a0\u00bb La voix ferme et indign\u00e9e et le verbe haut, Kais Sa\u00efed a directement rappel\u00e9 \u00e0 l\u2019ordre le chef du gouvernement et ceux qui le soutiennent, le parti Ennahdha, en premier lieux, sans les d\u00e9signer nomm\u00e9ment. Dans une adresse d\u2019ouverture du conseil de s\u00e9curit\u00e9 national convoqu\u00e9 lundi matin en format \u00e9largi, le pr\u00e9sident de la R\u00e9publique a tonn\u00e9 pendant pr\u00e8s d\u2019une heure d\u2019un r\u00e9quisitoire accablant.<\/p>\n<p>\u00ab\u00a0Votre remaniement n\u2019a pas respect\u00e9 les dispositions constitutionnelles de d\u00e9lib\u00e9rations en conseil des ministres et autres proc\u00e9dures, des ministres propos\u00e9s sont sous poursuites judiciaires et ne seront pas admis \u00e0 pr\u00eater serment, si investis, la repr\u00e9sentation de la femme est minor\u00e9e\u2026\u00a0\u00bb Sans feutrer ses griefs \u00e0 l\u2019encontre du chef du gouvernement, Hichem Mechichi, qu\u2019il avait lui-m\u00eame propos\u00e9 il y a six mois, il multiplie les mises en garde. Plus encore, il d\u00e9nonce des man\u0153uvres de torpillage visant son action et des accointances avec l\u2019\u00e9tranger\u2026<\/p>\n<p>La charge des salves lanc\u00e9es en orgue de Staline est si puissante qu&rsquo;elle laisser interroger quant aux chances de voir les fils se renouer un jour, m\u00eame si en politique, rien n&rsquo;est impossible.<\/p>\n<h2>Un pl\u00e9num significatif, pris \u00e0 t\u00e9moin<\/h2>\n<p>Le format choisi pour exercer une mise en demeure, sinon prononcer un acte d\u2019accusation\u00a0\u00bb, se pr\u00eate bien pour marquer la gravit\u00e9 de la situation et la solennit\u00e9 de la d\u00e9marche au sommet de l\u2019\u00c9tat. Le conseil de s\u00e9curit\u00e9 nationale r\u00e9unit en effet autour du pr\u00e9sident de la R\u00e9publique, le pr\u00e9sident de l\u2019ARP, le chef du gouvernement, les ministres de la Justice, de la D\u00e9fense, de l\u2019Int\u00e9rieur, des Affaires \u00e9trang\u00e8res et des Finances (en charge des douanes), ainsi que le conseiller en s\u00e9curit\u00e9 nationale qui en assure le secr\u00e9tariat et le directeur g\u00e9n\u00e9ral de la S\u00e9curit\u00e9 pr\u00e9sidentielle. Le chef de l\u2019\u00c9tat est loisible d\u2019y inviter toute personne dont il juge la pr\u00e9sence n\u00e9cessaire. Kais Sa\u00efed ne s\u2019en est pas priv\u00e9. C\u2019est ainsi qu\u2019ont \u00e9t\u00e9 convi\u00e9s la ministre partante, Thouraya Jeribi, les pr\u00e9sidents de la Cour des Comptes et du Tribunal administratif, le m\u00e9decin g\u00e9n\u00e9ral de brigade, Mustapha Ferjani, directeur g\u00e9n\u00e9ral de la sant\u00e9 militaire, Hachemi Louzir, directeur g\u00e9n\u00e9ral de l\u2019Institut Pasteur de Tunis et la d\u00e9put\u00e9e d\u2019Ettayar S\u00e9mia Abdou, charg\u00e9e au sein de l&rsquo;ARP, des Relations avec la pr\u00e9sidence de la R\u00e9publique. Le pl\u00e9num, pris \u00e0 t\u00e9moin par Sa\u00efed est significatif.<\/p>\n<h2>\u00ab\u00a0Des fatwas au gr\u00e9 des alliances\u00a0\u00bb<\/h2>\n<p>\u00ab\u00a0La situation est devenue inacceptable, encore plus compliqu\u00e9e dans un contexte encore plus compliqu\u00e9. A peine constitu\u00e9, le gouvernement est l\u2019objet de remaniement, sous l\u2019influence de nouvelles alliances. Chaque jour apporte une fatwa, et une nouvelle lecture et ex\u00e9g\u00e8se. Une constitution taill\u00e9e sur mesure en 2014, loin des attentes du peuple et de ses aspirations. Au changement des alliances, on veut changer l\u2019interpr\u00e9tation de ses dispositions. Des d\u00e9clarations enflamm\u00e9es et irresponsables se multiplient chaque jour, trahissant un mal end\u00e9mique, qui risque incurable ni par les vaccins, ni par la r\u00e9animation. Nous ne laisserons pas la Tunisie vaciller ou tomber. Nous demeurons vigilants quant \u00e0 sa protection.\u00a0\u00bb<\/p>\n<h2>\u00ab\u00a0Torpillage syst\u00e9matique\u00a0\u00bb<\/h2>\n<p>Le \u00ab\u00a0syst\u00e8me en place\u00a0\u00bb, a-t-il ajout\u00e9, a \u0153uvr\u00e9 pour faire avorter tout ce que j\u2019entreprends. L\u2019obligation de r\u00e9serve m\u2019emp\u00eache de r\u00e9v\u00e9ler les accointances avec l\u2019\u00e9tranger. Je me limiterais \u00e0 mentionner les man\u0153uvres de torpillage foment\u00e9es \u00e0 partir de Tunis, contre mon initiative pr\u00e9sent\u00e9e au conseil de s\u00e9curit\u00e9 de l\u2019ONU. Aussi, et dans une course contre la montre, je me suis employ\u00e9 \u00e0 faire reporter l\u2019\u00e9ch\u00e9ance fix\u00e9e pour la r\u00e9cup\u00e9ration des biens et avoirs confisqu\u00e9s \u00e0 l\u2019\u00e9tranger et obtenir pour cela les procurations n\u00e9cessaires. Mais, ils se sont ligu\u00e9s pour entraver ces d\u00e9marches, probablement de connivence pour se partager ces prises.\u00a0\u00bb<\/p>\n<h2>Niet aux milices<\/h2>\n<p>Faisant indirectement allusion \u00e0 la proposition d\u2019Ennahdha de faire appel \u00e0 ses militants pour soutenir les forces de l\u2019ordre dans le maintien de la s\u00e9curit\u00e9 lors des mouvements de protestation, le pr\u00e9sident Sa\u00efed oppose un niet cat\u00e9gorique. \u00ab\u00a0Aucune force, quelle qu\u2019en soit, autre que celle de l\u2019\u00c9tat, ne saurait agir\u00a0!\u00a0\u00bb Il rappelle qu\u2019il avait d\u00e9cel\u00e9 ces m\u00eames tendances en 2012, lors de l\u2019\u00e9laboration de la Constitution, et il s\u2019y \u00e9tait d\u00e9j\u00e0 fermement oppos\u00e9.<\/p>\n<h2>Restructuration du gouvernement et non remaniement<\/h2>\n<p>Quant au remaniement que Mechichi se propose d\u2019op\u00e9rer, le chef de l\u2019\u00c9tat rappelle \u00ab\u00a0en constitutionnaliste\u00a0\u00bb que rien n\u2019oblige le chef du gouvernement \u00e0 le soumettre \u00e0 l\u2019investiture de l\u2019ARP. La Constitution ne l\u2019a pas stipul\u00e9, et c\u2019est juste mentionn\u00e9 dans le r\u00e8glement int\u00e9rieur de l\u2019ARP dont la port\u00e9e ne d\u00e9passe pas le p\u00e9rim\u00e8tre de l\u2019Assembl\u00e9e, soulignera-t-il. Il est cependant n\u00e9cessaire de se conformer \u00e0 la constitution. Il ne s\u2019agit pas dans le cas d\u2019esp\u00e8ce, d\u2019un remaniement, mais d\u2019une restructuration. Il n\u2019y a pas eu d\u00e9lib\u00e9ration en conseil des ministres sur cette restructuration. Seule une lettre nous a \u00e9t\u00e9 adress\u00e9e et une autre lettre, dans le m\u00eame sens nous est parvenue de l\u2019ARP. Le pr\u00e9sident de la R\u00e9publique n\u2019en a pas \u00e9t\u00e9 avis\u00e9e auparavant.<\/p>\n<h2>Bourguiba, lui-m\u00eame, avait respect\u00e9 les formes<\/h2>\n<p>Fulminant contre le d\u00e9barquement de Taoufik Charfeddine, qui lui est proche, Kais Sa\u00efd s\u2019en tient \u00e0 la forme. \u00ab\u00a0Le ministre de l\u2019Int\u00e9rieur a \u00e9t\u00e9 limog\u00e9 par un d\u00e9cret gouvernemental pris par le chef du gouvernement qui s\u2019\u00e9tait autoproclam\u00e9 lui-m\u00eame pour en assurer l\u2019int\u00e9rim, dit-il. Dans les d\u00e9crets gouvernementaux, la signature porte \u00e9galement le contreseing du ministre concern\u00e9. M\u00eame Bourguiba, lorsqu\u2019il avait concentr\u00e9 entre ses mains, en plus des charges de Grand Vizir, les pouvoirs de ministre des Affaires \u00e9trang\u00e8res et de la D\u00e9fense nationale, en avril 1956, il en avait respect\u00e9 les formes et demand\u00e9 au Bey de prendre un d\u00e9cret y aff\u00e9rent et d\u2019y apposer son sceau, que Bourguiba avait probablement fait pr\u00e9parer lui-m\u00eame.\u00a0\u00bb<\/p>\n<h2>La Pr\u00e9sidence n\u2019est pas une bo\u00eete aux lettres<\/h2>\n<p>Visiblement indign\u00e9, le chef de l\u2019\u00c9tat hausse le ton. \u00ab\u00a0La pr\u00e9sidence de la R\u00e9publique n\u2019est pas une simple bo\u00eete aux lettres qui re\u00e7oit le courrier et signe les textes ou organise les c\u00e9r\u00e9monies de prestation de serment, pr\u00e9vient-il. C\u2019est elle qui pr\u00e9serve l\u2019\u00c9tat et veille \u00e0 sa p\u00e9rennit\u00e9. Parmi ceux qui sont propos\u00e9s \u00e0 des postes minist\u00e9riels, il y a une personne qui est sous poursuites judiciaires dans une affaire de malversation financi\u00e8re (j\u2019en d\u00e9tiens le dossier) et trois autres, sous pr\u00e9somption de conflit d\u2019int\u00e9r\u00eat.\u00a0\u00bb<\/p>\n<h2>De la forfaiture<\/h2>\n<p>Cherchant \u00e0 garder une issue ouverte, il en balise les conditions. \u00ab\u00a0Je ne veux pas bloquer le fonctionnement des institutions de l\u2019\u00c9tat, mais ces institutions doivent se conformer \u00e0 la Constitution, d\u00e9clare Kais Sa\u00efed. Comment voulez-vous que le chef de l\u2019\u00c9tat garant de la constitution soit sollicit\u00e9 pour respecter la constitution alors qu\u2019il voit celle-ci, de ses propres yeux, viol\u00e9e. Le serment ne saurait \u00eatre pr\u00eat\u00e9 par celui qui est impliqu\u00e9 dans une affaire en justice, ou pourrait l\u2019\u00eatre un jour. La prestation de serment, n\u2019est pas un acte formel, mais une question fondamentale. La forfaiture, quand on trahit son serment, est condamnable.<\/p>\n<h2>O\u00f9 sont les femmes\u00a0?<\/h2>\n<p>Montrant son attachement \u00e0 la parit\u00e9 en mati\u00e8re de genre, il ne peut se retenir de demander au publiquement \u00e0 Mechichi\u00a0:\u00a0 Pourquoi la femme a \u00e9t\u00e9 minor\u00e9e au sein du gouvernement. La femme n\u2019est pas une poudre cosm\u00e9tique de maquillage. Elle assume pleinement son r\u00f4le et elle est capable de d\u00e9fendre les droits ce dont d\u2019autres sont incapables ou s\u2019en d\u00e9robent.\u00a0\u00bb<\/p>\n<h2>Quant \u00e0 ceux qui s\u2019\u00e9cartent du droit chemin\u2026<\/h2>\n<p>Salve finale. \u00ab \u00c7a suffit\u00a0! \u00c7a suffit\u00a0! \u00c7a suffit\u00a0! tonnera-t-il. Nous avons tant endur\u00e9 ces dix derni\u00e8res ann\u00e9es, par respect. Aux personnes et aux institutions. Mais, nous n\u2019h\u00e9siterons pas \u00e0 clamer haut et fort ce que nous consid\u00e9rons comme juste et \u00e0 assumer pleinement notre charge. C\u2019est ce dont je me suis engag\u00e9 vis-\u00e0-vis du peuple, sans concession. J\u2019ai beaucoup \u0153uvr\u00e9 loin des feux de la rampe, beaucoup plus que vous ne pouvez l\u2019imaginer. Mais, aussi j\u2019ai les moyens juridiques pour pr\u00e9server l\u2019\u00c9tat, la r\u00e9volution, et le peuple tunisien. Je ne vous crois, vous aussi, que sur la m\u00eame voie.\u00a0\u00bb<\/p>\n<p>Ultime mise en garde\u00a0: \u00ab\u00a0Quant \u00e0 ceux qui s\u2019en \u00e9cartent et choisissent la leur, la loi, Dieu, le peuple et l\u2019histoire en jugeront.\u00a0\u00bb Clap fin. Blocage annonc\u00e9, au sommet de l\u2019\u00c9tat.<br \/>\u00a0<\/p>\n<p>Auteur:<br \/>\n<a href=\"https:\/\/www.leaders.com.tn\/article\/31325-saied-mechichi-duel-au-sommet-blocage-annonce\">Cliquez ici pour lire l&rsquo;article depuis sa source.<\/a><\/p>\n","protected":false},"excerpt":{"rendered":"<p>\u00ab \u00c7a suffit\u00a0! \u00c7a suffit\u00a0! \u00c7a suffit\u00a0! Nous avons tant endur\u00e9 ces dix derni\u00e8res ann\u00e9es, par respect. Mais, nous n\u2019h\u00e9siterons pas \u00e0 clamer haut et fort ce que nous consid\u00e9rons comme juste et \u00e0 assumer pleinement notre charge.\u00a0\u00bb La voix ferme et indign\u00e9e et le verbe haut, Kais Sa\u00efed a directement rappel\u00e9 \u00e0 l\u2019ordre le [&hellip;]<\/p>\n","protected":false},"author":1772,"featured_media":0,"comment_status":"closed","ping_status":"closed","sticky":false,"template":"","format":"standard","meta":{"fifu_image_url":"","fifu_image_alt":"","footnotes":""},"categories":[73,55],"tags":[],"class_list":["post-109963","post","type-post","status-publish","format-standard","hentry","category-actualite","category-tunisie"],"_links":{"self":[{"href":"https:\/\/linitiative.ca\/International\/wp-json\/wp\/v2\/posts\/109963","targetHints":{"allow":["GET"]}}],"collection":[{"href":"https:\/\/linitiative.ca\/International\/wp-json\/wp\/v2\/posts"}],"about":[{"href":"https:\/\/linitiative.ca\/International\/wp-json\/wp\/v2\/types\/post"}],"author":[{"embeddable":true,"href":"https:\/\/linitiative.ca\/International\/wp-json\/wp\/v2\/users\/1772"}],"replies":[{"embeddable":true,"href":"https:\/\/linitiative.ca\/International\/wp-json\/wp\/v2\/comments?post=109963"}],"version-history":[{"count":0,"href":"https:\/\/linitiative.ca\/International\/wp-json\/wp\/v2\/posts\/109963\/revisions"}],"wp:attachment":[{"href":"https:\/\/linitiative.ca\/International\/wp-json\/wp\/v2\/media?parent=109963"}],"wp:term":[{"taxonomy":"category","embeddable":true,"href":"https:\/\/linitiative.ca\/International\/wp-json\/wp\/v2\/categories?post=109963"},{"taxonomy":"post_tag","embeddable":true,"href":"https:\/\/linitiative.ca\/International\/wp-json\/wp\/v2\/tags?post=109963"}],"curies":[{"name":"wp","href":"https:\/\/api.w.org\/{rel}","templated":true}]}}