{"id":109970,"date":"2021-01-25T10:43:13","date_gmt":"2021-01-25T15:43:13","guid":{"rendered":"https:\/\/linitiative.ca\/International\/vrai-ou-fake-sur-la-covid-19-au-maroc-lundi-25-janvier\/"},"modified":"2021-01-25T10:43:13","modified_gmt":"2021-01-25T15:43:13","slug":"vrai-ou-fake-sur-la-covid-19-au-maroc-lundi-25-janvier","status":"publish","type":"post","link":"https:\/\/linitiative.ca\/International\/vrai-ou-fake-sur-la-covid-19-au-maroc-lundi-25-janvier\/","title":{"rendered":"Vrai ou Fake sur la Covid-19 au Maroc, lundi 25 janvier"},"content":{"rendered":"<p><strong>En plus de l\u2019\u00e9pid\u00e9mie du coronavirus, nous devons faire face \u00e0 une autre \u00e9pid\u00e9mie, celle des fake news relay\u00e9es sur les r\u00e9seaux sociaux.<\/strong><\/p>\n<div class=\"c10\"\/>\n<p>\u2013Les autorit\u00e9s marocaines ont entam\u00e9, lundi \u00e0 Casablanca, l\u2019op\u00e9ration de distribution sur les r\u00e9gions du vaccin contre le coronavirus. <strong>\u00a0VRAI<\/strong><\/p>\n<p>\u2013Les personnes ayant \u00e9t\u00e9 vaccin\u00e9es contre la grippe saisonni\u00e8re ne peuvent pas b\u00e9n\u00e9ficier de la vaccination anti-covid-19. <strong>FAKE<\/strong><\/p>\n<p><strong>Lire aussi |<\/strong>\u00a0<strong><a href=\"https:\/\/www.challenge.ma\/vaccin-debut-de-la-distribution-sur-les-regions-173118\/\">Vaccin : d\u00e9but de la distribution sur les r\u00e9gions<\/a><\/strong><\/p>\n<p>\u2013Il est probable que plusieurs cas de contamination par la nouvelle souche existent au Maroc, mais ils n\u2019ont pas encore \u00e9t\u00e9 d\u00e9tect\u00e9s. <strong>VRAI<\/strong><\/p>\n<p>\u2013Les plages et les salles de f\u00eate vont rouvrir au Maroc suite \u00e0 la stabilisation de la situation \u00e9pid\u00e9miologique.<strong>\u00a0FAKE<\/strong><\/p>\n<p>\u2013Le minist\u00e8re de la Sant\u00e9 a autoris\u00e9 d\u2019urgence le vaccin Sinopharm contre la Covid-19. <strong>VRAI<\/strong><\/p>\n<p>\u2013Les r\u00e9sultats des tests Covid-19 au Maroc ont \u00e9t\u00e9 manipul\u00e9s.\u00a0<strong>FAKE<\/strong><\/p>\n<p><strong>Lire aussi |<\/strong><a href=\"https:\/\/www.challenge.ma\/dr-tayeb-hamdi-les-laboratoires-prives-ne-peuvent-pas-detecter-la-nouvelle-souche-du-coronavirus-173062\/\"><strong>Dr Tayeb Hamdi : \u00ables laboratoires priv\u00e9s ne peuvent pas d\u00e9tecter la nouvelle souche du coronavirus\u00bb<\/strong><\/a><\/p>\n<p>Auteur: Hajar DARI<br \/>\n<a href=\"https:\/\/www.challenge.ma\/vrai-ou-fake-sur-la-covid-19-au-maroc-lundi-25-janvier-173127\/\">Cliquez ici pour lire l&rsquo;article depuis sa source.<\/a><\/p>\n","protected":false},"excerpt":{"rendered":"<p>En plus de l\u2019\u00e9pid\u00e9mie du coronavirus, nous devons faire face \u00e0 une autre \u00e9pid\u00e9mie, celle des fake news relay\u00e9es sur les r\u00e9seaux sociaux. \u2013Les autorit\u00e9s marocaines ont entam\u00e9, lundi \u00e0 Casablanca, l\u2019op\u00e9ration de distribution sur les r\u00e9gions du vaccin contre le coronavirus. \u00a0VRAI \u2013Les personnes ayant \u00e9t\u00e9 vaccin\u00e9es contre la grippe saisonni\u00e8re ne peuvent pas [&hellip;]<\/p>\n","protected":false},"author":1787,"featured_media":0,"comment_status":"closed","ping_status":"closed","sticky":false,"template":"","format":"standard","meta":{"fifu_image_url":"","fifu_image_alt":"","footnotes":""},"categories":[78,54],"tags":[],"class_list":["post-109970","post","type-post","status-publish","format-standard","hentry","category-economie","category-maroc"],"_links":{"self":[{"href":"https:\/\/linitiative.ca\/International\/wp-json\/wp\/v2\/posts\/109970","targetHints":{"allow":["GET"]}}],"collection":[{"href":"https:\/\/linitiative.ca\/International\/wp-json\/wp\/v2\/posts"}],"about":[{"href":"https:\/\/linitiative.ca\/International\/wp-json\/wp\/v2\/types\/post"}],"author":[{"embeddable":true,"href":"https:\/\/linitiative.ca\/International\/wp-json\/wp\/v2\/users\/1787"}],"replies":[{"embeddable":true,"href":"https:\/\/linitiative.ca\/International\/wp-json\/wp\/v2\/comments?post=109970"}],"version-history":[{"count":0,"href":"https:\/\/linitiative.ca\/International\/wp-json\/wp\/v2\/posts\/109970\/revisions"}],"wp:attachment":[{"href":"https:\/\/linitiative.ca\/International\/wp-json\/wp\/v2\/media?parent=109970"}],"wp:term":[{"taxonomy":"category","embeddable":true,"href":"https:\/\/linitiative.ca\/International\/wp-json\/wp\/v2\/categories?post=109970"},{"taxonomy":"post_tag","embeddable":true,"href":"https:\/\/linitiative.ca\/International\/wp-json\/wp\/v2\/tags?post=109970"}],"curies":[{"name":"wp","href":"https:\/\/api.w.org\/{rel}","templated":true}]}}