{"id":109971,"date":"2021-01-25T11:09:26","date_gmt":"2021-01-25T16:09:26","guid":{"rendered":"https:\/\/linitiative.ca\/International\/campagne-de-vaccination-le-ministere-de-la-sante-rassure-sur-le-deroulement-de-loperation\/"},"modified":"2021-01-25T11:09:26","modified_gmt":"2021-01-25T16:09:26","slug":"campagne-de-vaccination-le-ministere-de-la-sante-rassure-sur-le-deroulement-de-loperation","status":"publish","type":"post","link":"https:\/\/linitiative.ca\/International\/campagne-de-vaccination-le-ministere-de-la-sante-rassure-sur-le-deroulement-de-loperation\/","title":{"rendered":"Campagne de vaccination :  le minist\u00e8re de la Sant\u00e9 rassure sur le d\u00e9roulement de l\u2019op\u00e9ration"},"content":{"rendered":"<p><strong>A quelques jours du lancement de la campagne nationale de vaccination contre le coronavirus, le minist\u00e8re la Sant\u00e9 tient \u00e0 rassurer sur le d\u00e9roulement de l\u2019op\u00e9ration.<\/strong><\/p>\n<div class=\"c10\"\/>\n<p>Selon Ahdi Mahjoub, Directeur de l\u2019approvisionnement au minist\u00e8re de la Sant\u00e9, toutes les ressources humaines et mat\u00e9rielles n\u00e9cessaires ont \u00e9t\u00e9 mobilis\u00e9es pour mener \u00e0 bien la campagne nationale de vaccination anti-coronavirus. Il a fait cette d\u00e9claration le 25 janvier \u00e0 Casablanca au d\u00e9but de la distribution des premi\u00e8res doses du vaccin sur les diff\u00e9rentes r\u00e9gions du royaume. Notons que plusieurs responsables du minist\u00e8re \u00e9taient pr\u00e9sents dans les locaux de la R\u00e9gie autonome des frigorifiques de Casablanca (RAFC) o\u00f9 les vaccins sont stock\u00e9s dans des conditions de s\u00e9curit\u00e9 tr\u00e8s renforc\u00e9es, et ont d\u00e9taill\u00e9 le dispositif mis en place concernant les moyens humains mis \u00e0 contribution, les capacit\u00e9s logistiques et techniques d\u00e9ploy\u00e9es ainsi que la nature des partenariats avec les op\u00e9rateurs du secteur priv\u00e9 impliqu\u00e9s.<\/p>\n<p><strong>Lire aussi| <a href=\"https:\/\/www.challenge.ma\/vaccin-debut-de-la-distribution-sur-les-regions-173118\/\">Vaccin : d\u00e9but de la distribution sur les r\u00e9gions<\/a><\/strong><\/p>\n<p>\u00ab\u00a0Suite aux Hautes orientations de Sa Majest\u00e9 le Roi Mohammed VI et dans le cadre de la strat\u00e9gie nationale de vaccination contre le Covid-19, le minist\u00e8re de la Sant\u00e9 a mobilis\u00e9 d\u2019\u00e9normes moyens humains, logistiques et techniques pour r\u00e9ussir cette op\u00e9ration\u00a0\u00bb, a d\u00e9clar\u00e9 Ahdi Mahjoub. \u00ab\u00a0Cette op\u00e9ration, qui conna\u00eet la mobilisation de m\u00e9decins, pharmaciens, infirmiers, techniciens et administratifs, a n\u00e9cessit\u00e9 la mise en place de partenariats avec le secteur priv\u00e9 pour b\u00e9n\u00e9ficier de son expertise sur les plans logistique et technique\u00a0\u00bb, a-t-il ajout\u00e9. Il a aussi fait \u00e9tat de la mise \u00e0 disposition du minist\u00e8re de la Sant\u00e9 d\u2019une capacit\u00e9 de stockage qui d\u00e9passe les 50.000 m3. En ce qui concerne la contribution des d\u00e9l\u00e9gations, notons que la capacit\u00e9 du stockage des pharmacies provinciales et des centres de vaccination a \u00e9t\u00e9 mise \u00e0 niveau et ce, par l\u2019acquisition des moyens techniques et installations frigorifiques importantes.<\/p>\n<p><strong>Lire aussi| <a href=\"https:\/\/www.challenge.ma\/dr-tayeb-hamdi-les-laboratoires-prives-ne-peuvent-pas-detecter-la-nouvelle-souche-du-coronavirus-173062\/\">Dr Tayeb Hamdi : \u00ables laboratoires priv\u00e9s ne peuvent pas d\u00e9tecter la nouvelle souche du coronavirus\u00bb<\/a><\/strong><\/p>\n<p>\u00ab\u00a0Nous avons eu l\u2019occasion d\u2019approvisionner les diff\u00e9rents centres par les produits pharmaceutiques n\u00e9cessaires (moyens de protection et d\u2019hygi\u00e8ne) pour garantir le bon d\u00e9roulement de cette op\u00e9ration\u00a0\u00bb, a-t-il assur\u00e9. Sur le plan du syst\u00e8me d\u2019information, Ahdi Mahjoub a mis en exergue la mise en place des applications informatiques qui permettent un suivi num\u00e9rique de toute l\u2019op\u00e9ration, de la r\u00e9ception \u00e0 la livraison, avec un suivi de la temp\u00e9rature pour assurer la conservation ad\u00e9quate du vaccin selon les normes internationales. Pour rappel, le Maroc a re\u00e7u, vendredi dernier, une premi\u00e8re livraison du vaccin britannique Astrazeneca, fabriqu\u00e9 en Inde, et il devrait r\u00e9ceptionner, le 27 janvier, la premi\u00e8re livraison du vaccin SinoPharm, en provenance de Chine.<\/p>\n<p>Auteur: challenge<br \/>\n<a href=\"https:\/\/www.challenge.ma\/campagne-de-vaccination-le-ministere-de-la-sante-rassure-sur-le-deroulement-de-loperation-173155\/\">Cliquez ici pour lire l&rsquo;article depuis sa source.<\/a><\/p>\n","protected":false},"excerpt":{"rendered":"<p>A quelques jours du lancement de la campagne nationale de vaccination contre le coronavirus, le minist\u00e8re la Sant\u00e9 tient \u00e0 rassurer sur le d\u00e9roulement de l\u2019op\u00e9ration. Selon Ahdi Mahjoub, Directeur de l\u2019approvisionnement au minist\u00e8re de la Sant\u00e9, toutes les ressources humaines et mat\u00e9rielles n\u00e9cessaires ont \u00e9t\u00e9 mobilis\u00e9es pour mener \u00e0 bien la campagne nationale de [&hellip;]<\/p>\n","protected":false},"author":1787,"featured_media":0,"comment_status":"closed","ping_status":"closed","sticky":false,"template":"","format":"standard","meta":{"fifu_image_url":"","fifu_image_alt":"","footnotes":""},"categories":[78,54],"tags":[],"class_list":["post-109971","post","type-post","status-publish","format-standard","hentry","category-economie","category-maroc"],"_links":{"self":[{"href":"https:\/\/linitiative.ca\/International\/wp-json\/wp\/v2\/posts\/109971","targetHints":{"allow":["GET"]}}],"collection":[{"href":"https:\/\/linitiative.ca\/International\/wp-json\/wp\/v2\/posts"}],"about":[{"href":"https:\/\/linitiative.ca\/International\/wp-json\/wp\/v2\/types\/post"}],"author":[{"embeddable":true,"href":"https:\/\/linitiative.ca\/International\/wp-json\/wp\/v2\/users\/1787"}],"replies":[{"embeddable":true,"href":"https:\/\/linitiative.ca\/International\/wp-json\/wp\/v2\/comments?post=109971"}],"version-history":[{"count":0,"href":"https:\/\/linitiative.ca\/International\/wp-json\/wp\/v2\/posts\/109971\/revisions"}],"wp:attachment":[{"href":"https:\/\/linitiative.ca\/International\/wp-json\/wp\/v2\/media?parent=109971"}],"wp:term":[{"taxonomy":"category","embeddable":true,"href":"https:\/\/linitiative.ca\/International\/wp-json\/wp\/v2\/categories?post=109971"},{"taxonomy":"post_tag","embeddable":true,"href":"https:\/\/linitiative.ca\/International\/wp-json\/wp\/v2\/tags?post=109971"}],"curies":[{"name":"wp","href":"https:\/\/api.w.org\/{rel}","templated":true}]}}