{"id":109973,"date":"2021-01-25T14:30:26","date_gmt":"2021-01-25T19:30:26","guid":{"rendered":"https:\/\/linitiative.ca\/International\/innovation-lancement-dun-appel-a-candidatures-pour-lincubation-de-startups-en-faveur-du-climat\/"},"modified":"2021-01-25T14:30:26","modified_gmt":"2021-01-25T19:30:26","slug":"innovation-lancement-dun-appel-a-candidatures-pour-lincubation-de-startups-en-faveur-du-climat","status":"publish","type":"post","link":"https:\/\/linitiative.ca\/International\/innovation-lancement-dun-appel-a-candidatures-pour-lincubation-de-startups-en-faveur-du-climat\/","title":{"rendered":"Innovation :  lancement d\u2019un appel \u00e0 candidatures pour l\u2019incubation de startups en faveur du climat"},"content":{"rendered":"<p><strong>L\u2019African Youth Climate Hub (AYCH), une plateforme de la jeunesse africaine pour le climat, vient de lancer un appel \u00e0 candidatures pour un programme d\u2019incubation de startups en faveur du climat et la promotion du d\u00e9veloppement durable. Ce programme est port\u00e9 conjointement par l\u2019universit\u00e9 Mohammed VI polytechnique (UM6P) et le centre international Hassan II pour la formation \u00e0 l\u2019environnement.<\/strong><\/p>\n<div class=\"c10\"\/>\n<p>Selon l\u2019African Youth Climate Hub (AYCH), cette initiative ambitionne de favoriser le d\u00e9veloppement d\u2019entreprises vertes porteuses de solutions innovantes en Afrique pour lutter contre les changements climatiques et promouvoir le d\u00e9veloppement durable. La plateforme assure que les entreprises qui en \u00e9mergeront placeront les pr\u00e9occupations sociales et environnementales au m\u00eame rang que les pr\u00e9occupations \u00e9conomiques. Dans le d\u00e9tail, ce programme proposera aux startups un plan personnalis\u00e9 de six mois pendant lesquels elles b\u00e9n\u00e9ficieront d\u2019un soutien pratique et adapt\u00e9, d\u2019ateliers pour les munir d\u2019outils pour la mise en \u0153uvre de leurs projets et les aider \u00e0 transformer leurs id\u00e9es en prototypes technologiques op\u00e9rationnels.<\/p>\n<p><strong>Lire aussi| <a href=\"https:\/\/www.challenge.ma\/trafic-conteneurs-tanger-med-desormais-premier-port-en-mediterranee-173140\/\">Trafic conteneurs : Tanger Med d\u00e9sormais premier port en M\u00e9diterran\u00e9e<\/a><\/strong><\/p>\n<p>De m\u00eame, cette formation permettra aux jeunes entrepreneurs d\u2019assimiler entre autres les \u00e9l\u00e9ments de droit, de strat\u00e9gie, de marketing et communication, de psychologie, les technologies et les connaissances en mati\u00e8re de climat, n\u00e9cessaires \u00e0 leur r\u00e9ussite. Notons que pour cette premi\u00e8re \u00e9dition, AYCH va incuber 10 projets port\u00e9s par de jeunes africains. Pour postuler, les jeunes sont ainsi invit\u00e9s \u00e0 se connecter sur youthclimatehub.org, \u00e0 t\u00e9l\u00e9charger l\u2019offre d\u2019incubation, cr\u00e9er leur compte et soumettre leur projet en remplissant le formulaire en ligne. Il est \u00e0 noter que le dernier d\u00e9lai pour postuler est le 5 f\u00e9vrier. AYCH constitue un nouveau hub qui donne la parole et amplifie les actions des jeunes Africains afin de renforcer leur leadership en faveur du climat et du d\u00e9veloppement durable.<\/p>\n<p><strong>Lire aussi| <a href=\"https:\/\/www.challenge.ma\/campagne-de-vaccination-le-ministere-de-la-sante-rassure-sur-le-deroulement-de-loperation-173155\/\">Campagne de vaccination : le minist\u00e8re de la Sant\u00e9 rassure sur le d\u00e9roulement de l\u2019op\u00e9ration<\/a><\/strong><\/p>\n<p>H\u00e9berg\u00e9 au Centre International Hassan II de Formation \u00e0 l\u2019Environnement, bras acad\u00e9mique de la Fondation Mohammed VI pour la Protection de l\u2019Environnement, l\u2019African Youth Climate Hub met les jeunes en r\u00e9seau sur une plateforme num\u00e9rique et accompagne leurs initiatives. Pour rappel, AYCH est issu d\u2019un partenariat entre la Fondation Mohammed VI pour la protection de l\u2019environnement, l\u2019Universit\u00e9 Mohammed VI Polytechnique, le groupe OCP et YOUNGO (Children and Youth Constituency to United Nations Framework Convention on Climate Change). C\u2019est une initiative lanc\u00e9e en septembre 2019 \u00e0 New York par Son Altesse Royale la Princesse Lalla Hasnaa, Pr\u00e9sidente de la Fondation Mohammed VI pour l\u2019Environnement, \u00e0 l\u2019occasion du Sommet de l\u2019Action pour le Climat pr\u00e9sid\u00e9 par le Secr\u00e9taire G\u00e9n\u00e9ral des Nations Unies.<\/p>\n<p>Auteur: challenge<br \/>\n<a href=\"https:\/\/www.challenge.ma\/innovation-lancement-dun-appel-a-candidatures-pour-lincubation-de-startups-en-faveur-du-climat-173187\/\">Cliquez ici pour lire l&rsquo;article depuis sa source.<\/a><\/p>\n","protected":false},"excerpt":{"rendered":"<p>L\u2019African Youth Climate Hub (AYCH), une plateforme de la jeunesse africaine pour le climat, vient de lancer un appel \u00e0 candidatures pour un programme d\u2019incubation de startups en faveur du climat et la promotion du d\u00e9veloppement durable. Ce programme est port\u00e9 conjointement par l\u2019universit\u00e9 Mohammed VI polytechnique (UM6P) et le centre international Hassan II pour [&hellip;]<\/p>\n","protected":false},"author":1787,"featured_media":0,"comment_status":"closed","ping_status":"closed","sticky":false,"template":"","format":"standard","meta":{"fifu_image_url":"","fifu_image_alt":"","footnotes":""},"categories":[78,54],"tags":[],"class_list":["post-109973","post","type-post","status-publish","format-standard","hentry","category-economie","category-maroc"],"_links":{"self":[{"href":"https:\/\/linitiative.ca\/International\/wp-json\/wp\/v2\/posts\/109973","targetHints":{"allow":["GET"]}}],"collection":[{"href":"https:\/\/linitiative.ca\/International\/wp-json\/wp\/v2\/posts"}],"about":[{"href":"https:\/\/linitiative.ca\/International\/wp-json\/wp\/v2\/types\/post"}],"author":[{"embeddable":true,"href":"https:\/\/linitiative.ca\/International\/wp-json\/wp\/v2\/users\/1787"}],"replies":[{"embeddable":true,"href":"https:\/\/linitiative.ca\/International\/wp-json\/wp\/v2\/comments?post=109973"}],"version-history":[{"count":0,"href":"https:\/\/linitiative.ca\/International\/wp-json\/wp\/v2\/posts\/109973\/revisions"}],"wp:attachment":[{"href":"https:\/\/linitiative.ca\/International\/wp-json\/wp\/v2\/media?parent=109973"}],"wp:term":[{"taxonomy":"category","embeddable":true,"href":"https:\/\/linitiative.ca\/International\/wp-json\/wp\/v2\/categories?post=109973"},{"taxonomy":"post_tag","embeddable":true,"href":"https:\/\/linitiative.ca\/International\/wp-json\/wp\/v2\/tags?post=109973"}],"curies":[{"name":"wp","href":"https:\/\/api.w.org\/{rel}","templated":true}]}}