{"id":109974,"date":"2021-01-25T16:24:57","date_gmt":"2021-01-25T21:24:57","guid":{"rendered":"https:\/\/linitiative.ca\/International\/tunisie-pourquoi-saied-a-t-il-convoque-abbou-au-conseil-de-securite-nationale\/"},"modified":"2021-01-25T16:24:57","modified_gmt":"2021-01-25T21:24:57","slug":"tunisie-pourquoi-saied-a-t-il-convoque-abbou-au-conseil-de-securite-nationale","status":"publish","type":"post","link":"https:\/\/linitiative.ca\/International\/tunisie-pourquoi-saied-a-t-il-convoque-abbou-au-conseil-de-securite-nationale\/","title":{"rendered":"Tunisie : Pourquoi Sa\u00efed a-t-il convoqu\u00e9 Abbou au Conseil de s\u00e9curit\u00e9 nationale ?"},"content":{"rendered":"<div class=\"post-cont-in left relative\">\n<div id=\"post-info-wrap\" class=\"left relative post-info-out\">\n<div class=\"post-info-img left relative\"><img loading=\"lazy\" decoding=\"async\" alt=\"\" src=\"https:\/\/secure.gravatar.com\/avatar\/ea481d7287ad38ca1787f44b5bb1b70e?s=50&amp;d=mm&amp;r=g\" srcset=\"https:\/\/secure.gravatar.com\/avatar\/ea481d7287ad38ca1787f44b5bb1b70e?s=100&amp;d=mm&amp;r=g 2x\" class=\"avatar avatar-50 photo\" height=\"50\" width=\"50\"\/><\/div>\n<div class=\"post-info-in\">\n<div class=\"post-info-right left relative post-info-name left relative\"><span><span class=\"post-info-text\">Par<\/span> <span class=\"author-name vcard fn author\"><a href=\"https:\/\/www.tunisienumerique.com\/author\/rania-ben-slimane\/\" title=\"Articles par rania ben slimane\" rel=\"author\">rania ben slimane<\/a><\/span><\/span> <span class=\"post-date updated\"><time class=\"post-date updated\" datetime=\"2021-01-25\">\u00a0| Il y a 40 minutes<\/time><\/span><\/div>\n<div class=\"left relative\"><button id=\"listenButton1\" class=\"responsivevoice-button\" type=\"button\" value=\"Play\" title=\"&#xC9;coutez l'article\"><span>\ud83d\udd0a \u00c9coutez l&rsquo;article<\/span><\/button> <\/div>\n<\/div>\n<\/div>\n<p>Le militant politique, Imed ben Halima a d\u00e9clar\u00e9 le 25 janvier 2021, que la pr\u00e9sence de la d\u00e9put\u00e9e Samia Abbou au Conseil de s\u00e9curit\u00e9 nationale n\u2019est pas contraire \u00e0 la Constitution, mais qu\u2019elle porte un message politique selon lequel le pr\u00e9sident de la R\u00e9publique s\u2019est align\u00e9 du c\u00f4t\u00e9 des partis d\u2019opposition et non pas de celui du gouvernement.<\/p>\n<div class=\"code-block code-block-1 c4\"><ins class=\"adsbygoogle c3\" data-ad-layout=\"in-article\" data-ad-format=\"fluid\" data-ad-client=\"ca-pub-2102118777505746\" data-ad-slot=\"7301775417\"\/> <\/div>\n<p>Ben Halima a, en outre, expliqu\u00e9 dans une interview accord\u00e9e \u00e0 Tunisienum\u00e9rique, que le Conseil de s\u00e9curit\u00e9 nationale se r\u00e9unit \u00e0 titre restreint ou \u00e9largi et s\u2019il est \u00e9largi, le pr\u00e9sident de la R\u00e9publique peut convoquer toute personne dont il juge la pr\u00e9sence un avantage politique.<\/p>\n<p>Il convient de noter que la pr\u00e9sence de Samia Abbou au Conseil national de s\u00e9curit\u00e9 a d\u00e9clench\u00e9 aujourd\u2019hui un large d\u00e9bat.<\/p>\n<div class=\"swp_social_panel swp_horizontal_panel swp_flat_fresh swp_default_full_color swp_individual_full_color swp_other_full_color scale-100 scale-\" data-min-width=\"1100\" data-float-color=\"#ffffff\" data-float=\"bottom\" data-float-mobile=\"bottom\" data-transition=\"slide\">\n<div class=\"nc_tweetContainer swp_share_button total_shares total_sharesalt\"><span class=\"swp_count\">5 <span class=\"swp_label\">Partages<\/span><\/span><\/div>\n<\/div>\n<p><strong>Que se passe-t-il en Tunisie?<\/strong><br \/>Nous expliquons sur notre <a href=\"https:\/\/www.youtube.com\/channel\/UCRzypVq0B_yBad5eGrwBx0Q?sub_confirmation=1\" target=\"_blank\" rel=\"noopener\">cha\u00eene YouTube<\/a> . <a href=\"https:\/\/www.youtube.com\/channel\/UCRzypVq0B_yBad5eGrwBx0Q?sub_confirmation=1\" target=\"_blank\" rel=\"noopener\">Abonnez-vous!<\/a><\/p>\n<div class=\"mvp-org-wrap mvp-org-logo\" itemprop=\"publisher\"><img decoding=\"async\" src=\"https:\/\/www.tunisienumerique.com\/wp-content\/uploads\/2017\/02\/logo_tunisie_numerique.png\"\/><\/div>\n<div class=\"mvp-related-posts left relative\">\n<h4 class=\"post-header\"><span class=\"post-header\">Lire aussi<\/span><\/h4>\n<\/div>\n<div id=\"article-ad\"><ins class=\"adsbygoogle c5\" data-ad-client=\"ca-pub-2102118777505746\" data-ad-slot=\"6513972734\" data-ad-format=\"auto\" data-full-width-responsive=\"true\"\/> <\/div>\n<\/div>\n<div id=\"post-sidebar-wrap\"><ins class=\"adsbygoogle c5\" data-ad-client=\"ca-pub-2102118777505746\" data-ad-slot=\"6168283410\" data-ad-format=\"auto\" data-full-width-responsive=\"true\"\/> <\/div>\n<p>Auteur: rania ben slimane<br \/>\n<a href=\"https:\/\/www.tunisienumerique.com\/tunisie-pourquoi-saied-a-t-il-convoque-abbou-au-conseil-de-securite-nationale\/\">Cliquez ici pour lire l&rsquo;article depuis sa source.<\/a><\/p>\n","protected":false},"excerpt":{"rendered":"<p>Par rania ben slimane \u00a0| Il y a 40 minutes \ud83d\udd0a \u00c9coutez l&rsquo;article Le militant politique, Imed ben Halima a d\u00e9clar\u00e9 le 25 janvier 2021, que la pr\u00e9sence de la d\u00e9put\u00e9e Samia Abbou au Conseil de s\u00e9curit\u00e9 nationale n\u2019est pas contraire \u00e0 la Constitution, mais qu\u2019elle porte un message politique selon lequel le pr\u00e9sident de [&hellip;]<\/p>\n","protected":false},"author":1789,"featured_media":0,"comment_status":"closed","ping_status":"closed","sticky":false,"template":"","format":"standard","meta":{"fifu_image_url":"https:\/\/secure.gravatar.com\/avatar\/ea481d7287ad38ca1787f44b5bb1b70e?s=50&d=mm&r=g","fifu_image_alt":"Tunisie : Pourquoi Sa\u00efed a-t-il convoqu\u00e9 Abbou au Conseil de s\u00e9curit\u00e9 nationale ?","footnotes":""},"categories":[73,55],"tags":[],"class_list":["post-109974","post","type-post","status-publish","format-standard","hentry","category-actualite","category-tunisie"],"_links":{"self":[{"href":"https:\/\/linitiative.ca\/International\/wp-json\/wp\/v2\/posts\/109974","targetHints":{"allow":["GET"]}}],"collection":[{"href":"https:\/\/linitiative.ca\/International\/wp-json\/wp\/v2\/posts"}],"about":[{"href":"https:\/\/linitiative.ca\/International\/wp-json\/wp\/v2\/types\/post"}],"author":[{"embeddable":true,"href":"https:\/\/linitiative.ca\/International\/wp-json\/wp\/v2\/users\/1789"}],"replies":[{"embeddable":true,"href":"https:\/\/linitiative.ca\/International\/wp-json\/wp\/v2\/comments?post=109974"}],"version-history":[{"count":0,"href":"https:\/\/linitiative.ca\/International\/wp-json\/wp\/v2\/posts\/109974\/revisions"}],"wp:attachment":[{"href":"https:\/\/linitiative.ca\/International\/wp-json\/wp\/v2\/media?parent=109974"}],"wp:term":[{"taxonomy":"category","embeddable":true,"href":"https:\/\/linitiative.ca\/International\/wp-json\/wp\/v2\/categories?post=109974"},{"taxonomy":"post_tag","embeddable":true,"href":"https:\/\/linitiative.ca\/International\/wp-json\/wp\/v2\/tags?post=109974"}],"curies":[{"name":"wp","href":"https:\/\/api.w.org\/{rel}","templated":true}]}}