{"id":109975,"date":"2021-01-25T16:30:20","date_gmt":"2021-01-25T21:30:20","guid":{"rendered":"https:\/\/linitiative.ca\/International\/tunisie-les-jeunes-de-la-cite-ettadhamen-se-preparent-a-une-journee-de-colere-devant-larp\/"},"modified":"2021-01-25T16:30:20","modified_gmt":"2021-01-25T21:30:20","slug":"tunisie-les-jeunes-de-la-cite-ettadhamen-se-preparent-a-une-journee-de-colere-devant-larp","status":"publish","type":"post","link":"https:\/\/linitiative.ca\/International\/tunisie-les-jeunes-de-la-cite-ettadhamen-se-preparent-a-une-journee-de-colere-devant-larp\/","title":{"rendered":"Tunisie \u2013 Les jeunes de la cit\u00e9 Ettadhamen se pr\u00e9parent \u00e0 une journ\u00e9e de col\u00e8re devant l\u2019ARP"},"content":{"rendered":"<div class=\"post-cont-in left relative\">\n<div id=\"post-info-wrap\" class=\"left relative post-info-out\">\n<div class=\"post-info-img left relative\"><img loading=\"lazy\" decoding=\"async\" alt=\"\" src=\"https:\/\/secure.gravatar.com\/avatar\/047123be9d5e8513774383916ee72db2?s=50&amp;d=mm&amp;r=g\" srcset=\"https:\/\/secure.gravatar.com\/avatar\/047123be9d5e8513774383916ee72db2?s=100&amp;d=mm&amp;r=g 2x\" class=\"avatar avatar-50 photo\" height=\"50\" width=\"50\"\/><\/div>\n<div class=\"post-info-in\">\n<div class=\"post-info-right left relative post-info-name left relative\"><span><span class=\"post-info-text\">Par<\/span> <span class=\"author-name vcard fn author\"><a href=\"https:\/\/www.tunisienumerique.com\/author\/lm\/\" title=\"Articles par LM\" rel=\"author\">LM<\/a><\/span><\/span> <span class=\"post-date updated\"><time class=\"post-date updated\" datetime=\"2021-01-25\">\u00a0| Il y a 37 minutes<\/time><\/span><\/div>\n<div class=\"left relative\"><button id=\"listenButton1\" class=\"responsivevoice-button\" type=\"button\" value=\"Play\" title=\"&#xC9;coutez l'article\"><span>\ud83d\udd0a \u00c9coutez l&rsquo;article<\/span><\/button> <\/div>\n<\/div>\n<\/div>\n<p>Les jeunes des cit\u00e9s Ettadhamen, El Mnihla et Douar Hicher sont en train de s\u2019organiser, depuis ce lundi apr\u00e8s midi, pour tenir, demain mardi 26 janvier, une journ\u00e9e de col\u00e8re o\u00f9 ils iront manifester devant le si\u00e8ge de l\u2019ARP, afin d\u2019exiger le d\u00e9veloppement r\u00e9gional et l\u2019emploi. Les organisateurs de cette journ\u00e9e l\u2019ont baptis\u00e9e, \u00ab la r\u00e9volution de la faim et de l\u2019appauvrissement \u00bb.<\/p>\n<div class=\"code-block code-block-1 c4\"><ins class=\"adsbygoogle c3\" data-ad-layout=\"in-article\" data-ad-format=\"fluid\" data-ad-client=\"ca-pub-2102118777505746\" data-ad-slot=\"7301775417\"\/> <\/div>\n<p>Les jeunes de ces quartiers sont en train de s\u2019activer sur les r\u00e9seaux sociaux pour mobiliser ceux des autres quartiers populaires, pour se joindre \u00e0 eux, dans leur r\u00e9volte.<\/p>\n<p><a href=\"https:\/\/www.tunisienumerique.com\/tunisie-les-jeunes-de-la-cite-ettadhamen-se-preparent-a-une-journee-de-colere-devant-larp\/tadhamen2-2\/\" rel=\"attachment wp-att-619357\"><img loading=\"lazy\" decoding=\"async\" class=\"aligncenter size-full wp-image-619357\" src=\"https:\/\/www.tunisienumerique.com\/wp-content\/uploads\/2021\/01\/tadhamen2.jpg\" alt=\"\" width=\"640\" height=\"427\" srcset=\"https:\/\/www.tunisienumerique.com\/wp-content\/uploads\/2021\/01\/tadhamen2.jpg 640w, https:\/\/www.tunisienumerique.com\/wp-content\/uploads\/2021\/01\/tadhamen2-600x400.jpg 600w\" sizes=\"auto, (max-width: 640px) 100vw, 640px\"\/><\/a><\/p>\n<div class=\"swp_social_panel swp_horizontal_panel swp_flat_fresh swp_default_full_color swp_individual_full_color swp_other_full_color scale-100 scale-\" data-min-width=\"1100\" data-float-color=\"#ffffff\" data-float=\"bottom\" data-float-mobile=\"bottom\" data-transition=\"slide\">\n<div class=\"nc_tweetContainer swp_share_button total_shares total_sharesalt\"><span class=\"swp_count\">12 <span class=\"swp_label\">Partages<\/span><\/span><\/div>\n<\/div>\n<p><strong>Que se passe-t-il en Tunisie?<\/strong><br \/>Nous expliquons sur notre <a href=\"https:\/\/www.youtube.com\/channel\/UCRzypVq0B_yBad5eGrwBx0Q?sub_confirmation=1\" target=\"_blank\" rel=\"noopener\">cha\u00eene YouTube<\/a> . <a href=\"https:\/\/www.youtube.com\/channel\/UCRzypVq0B_yBad5eGrwBx0Q?sub_confirmation=1\" target=\"_blank\" rel=\"noopener\">Abonnez-vous!<\/a><\/p>\n<div class=\"mvp-org-wrap mvp-org-logo\" itemprop=\"publisher\"><img decoding=\"async\" src=\"https:\/\/www.tunisienumerique.com\/wp-content\/uploads\/2017\/02\/logo_tunisie_numerique.png\"\/><\/div>\n<div class=\"mvp-related-posts left relative\">\n<h4 class=\"post-header\"><span class=\"post-header\">Lire aussi<\/span><\/h4>\n<\/div>\n<div id=\"article-ad\"><ins class=\"adsbygoogle c5\" data-ad-client=\"ca-pub-2102118777505746\" data-ad-slot=\"6513972734\" data-ad-format=\"auto\" data-full-width-responsive=\"true\"\/> <\/div>\n<\/div>\n<div id=\"post-sidebar-wrap\"><ins class=\"adsbygoogle c5\" data-ad-client=\"ca-pub-2102118777505746\" data-ad-slot=\"6168283410\" data-ad-format=\"auto\" data-full-width-responsive=\"true\"\/> <\/div>\n<p>Auteur: LM<br \/>\n<a href=\"https:\/\/www.tunisienumerique.com\/tunisie-les-jeunes-de-la-cite-ettadhamen-se-preparent-a-une-journee-de-colere-devant-larp\/\">Cliquez ici pour lire l&rsquo;article depuis sa source.<\/a><\/p>\n","protected":false},"excerpt":{"rendered":"<p>Par LM \u00a0| Il y a 37 minutes \ud83d\udd0a \u00c9coutez l&rsquo;article Les jeunes des cit\u00e9s Ettadhamen, El Mnihla et Douar Hicher sont en train de s\u2019organiser, depuis ce lundi apr\u00e8s midi, pour tenir, demain mardi 26 janvier, une journ\u00e9e de col\u00e8re o\u00f9 ils iront manifester devant le si\u00e8ge de l\u2019ARP, afin d\u2019exiger le d\u00e9veloppement r\u00e9gional [&hellip;]<\/p>\n","protected":false},"author":1789,"featured_media":0,"comment_status":"closed","ping_status":"closed","sticky":false,"template":"","format":"standard","meta":{"fifu_image_url":"https:\/\/secure.gravatar.com\/avatar\/047123be9d5e8513774383916ee72db2?s=50&d=mm&r=g","fifu_image_alt":"Tunisie \u2013 Les jeunes de la cit\u00e9 Ettadhamen se pr\u00e9parent \u00e0 une journ\u00e9e de col\u00e8re devant l\u2019ARP","footnotes":""},"categories":[73,55],"tags":[],"class_list":["post-109975","post","type-post","status-publish","format-standard","hentry","category-actualite","category-tunisie"],"_links":{"self":[{"href":"https:\/\/linitiative.ca\/International\/wp-json\/wp\/v2\/posts\/109975","targetHints":{"allow":["GET"]}}],"collection":[{"href":"https:\/\/linitiative.ca\/International\/wp-json\/wp\/v2\/posts"}],"about":[{"href":"https:\/\/linitiative.ca\/International\/wp-json\/wp\/v2\/types\/post"}],"author":[{"embeddable":true,"href":"https:\/\/linitiative.ca\/International\/wp-json\/wp\/v2\/users\/1789"}],"replies":[{"embeddable":true,"href":"https:\/\/linitiative.ca\/International\/wp-json\/wp\/v2\/comments?post=109975"}],"version-history":[{"count":0,"href":"https:\/\/linitiative.ca\/International\/wp-json\/wp\/v2\/posts\/109975\/revisions"}],"wp:attachment":[{"href":"https:\/\/linitiative.ca\/International\/wp-json\/wp\/v2\/media?parent=109975"}],"wp:term":[{"taxonomy":"category","embeddable":true,"href":"https:\/\/linitiative.ca\/International\/wp-json\/wp\/v2\/categories?post=109975"},{"taxonomy":"post_tag","embeddable":true,"href":"https:\/\/linitiative.ca\/International\/wp-json\/wp\/v2\/tags?post=109975"}],"curies":[{"name":"wp","href":"https:\/\/api.w.org\/{rel}","templated":true}]}}