{"id":109979,"date":"2021-01-25T15:04:03","date_gmt":"2021-01-25T20:04:03","guid":{"rendered":"https:\/\/linitiative.ca\/International\/visite-ministerielle-au-nord-mali-sur-fond-dattaques-terroristes-kidal-va-t-elle-enfin-rentrer-dans-la-republique\/"},"modified":"2021-01-25T15:04:03","modified_gmt":"2021-01-25T20:04:03","slug":"visite-ministerielle-au-nord-mali-sur-fond-dattaques-terroristes-kidal-va-t-elle-enfin-rentrer-dans-la-republique","status":"publish","type":"post","link":"https:\/\/linitiative.ca\/International\/visite-ministerielle-au-nord-mali-sur-fond-dattaques-terroristes-kidal-va-t-elle-enfin-rentrer-dans-la-republique\/","title":{"rendered":"VISITE MINISTERIELLE AU NORD-MALI SUR FOND D\u2019ATTAQUES TERRORISTES : Kidal  va-t-elle enfin rentrer dans la R\u00e9publique ?"},"content":{"rendered":"<p class=\"c4\">Pour la premi\u00e8re fois depuis le putsch du 18 ao\u00fbt 2020, une d\u00e9l\u00e9gation minist\u00e9rielle s\u2019est rendue hier, \u00e0 Kidal, fief des rebelles de la Coordination des mouvements de l\u2019Azawad (CMA). Faut-il y voir un signe de d\u00e9crispation marquant le retour de l\u2019Etat malien dans cette ville longtemps consid\u00e9r\u00e9e comme une citadelle imprenable\u00a0? On attend de voir. Toujours est-il que le retour de l\u2019Etat malien \u00e0 Kidal est un pr\u00e9alable longtemps exig\u00e9 par la Communaut\u00e9 internationale. Cela dit, il revient aux autorit\u00e9s de Bamako de travailler \u00e0 se rapprocher davantage des populations de cette zone \u00e0 travers des mesures de d\u00e9veloppement comme la construction d\u2019infrastructures scolaires et sanitaires et bien d\u2019autres. Pour le moins, on fait le constat que cette visite minist\u00e9rielle \u00e0 Kidal intervient au lendemain d\u2019une double attaque-surprise qui s\u2019est sold\u00e9e par des pertes en vies humaines et par de nombreux bless\u00e9s.<\/p>\n<p class=\"c4\">C\u2019est dans un tel contexte d\u2019ins\u00e9curit\u00e9 r\u00e9currente, qu\u2019une \u00e9quipe du commandant de brigade de recherches de la gendarmerie du camp n\u00b01 de Bamako, a fait la premi\u00e8re grosse prise dans le domaine du trafic de faux billets, depuis plus de dix ans au Mali. Au total, la somme d\u2019une valeur de plus de 5 milliards de FCFA de faux billets a \u00e9t\u00e9 saisie la semaine derni\u00e8re chez un marabout, pr\u00e9sum\u00e9 cerveau d\u2019une bande d\u2019ind\u00e9licats qui travaillaient \u00e0 \u00e9couler ces faux billets de FCFA, de dollars et d\u2019euro, dans plusieurs pays. Il y a lieu de se demander si cette somme exorbitante de faux billets, n\u2019aurait pas, entre autres, servi \u00e0 alimenter le terrorisme au Mali ou ailleurs. Le marabout a \u00e9t\u00e9 pr\u00e9sent\u00e9 hier, 25 janvier, au juge.<\/p>\n<p class=\"c4\">Que peut-on dire d\u2019une telle situation d\u2019ins\u00e9curit\u00e9 doubl\u00e9e de faux monnayage\u00a0?<\/p>\n<p class=\"c4\">Dans un premier temps, on observe une d\u00e9cr\u00e9pitude des rep\u00e8res moraux, \u00e9thiques et religieux au Mali. En effet, le marabout d\u2019antan en Afrique subsaharienne comme au Mali, \u00e9tait, selon la tradition, le gardien des connaissances en herboristerie et en pratiques th\u00e9rapeutiques. En sus, son exemplarit\u00e9 en tant que sage, quelque fois juge, intercesseur, pr\u00eatre ou simplement \u00e9ducateur, lui conf\u00e9rait un r\u00f4le pr\u00e9pond\u00e9rant dans la gestion des conflits sociaux.<\/p>\n<p class=\"c4\"><strong>Il est l\u00e9gitime de supposer que le tristement c\u00e9l\u00e8bre marabout est \u00e0 la t\u00eate d\u2019un grand r\u00e9seau de faussaires<\/strong><\/p>\n<p class=\"c4\">Malheureusement, aujourd\u2019hui, au Mali comme ailleurs, de nombreux marabouts sont devenus des arnaqueurs et des criminels. On peut alors d\u00e9plorer qu\u2019en d\u00e9pit de la crise s\u00e9curitaire qui s\u00e9vit au Mali, certains marabouts, au lieu d\u2019aider ce pays \u00e0 retrouver sa coh\u00e9sion sociale, soient devenus des contre-exemples, au point de se livrer au trafic de faux billets.<\/p>\n<p class=\"c4\">Dans un second temps, dans le contexte actuel marqu\u00e9 par l\u2019indigence des populations sur fond de chaos \u00e9conomique, il va sans dire que le faux monnayage est une activit\u00e9 aux lourdes cons\u00e9quences financi\u00e8res, dans la mesure o\u00f9 la fausse monnaie entra\u00eene une baisse de la valeur de la monnaie authentique, affecte le consommateur parce que source d\u2019inflation, et repr\u00e9sente un manque \u00e0 gagner pour des entreprises d\u00e9j\u00e0 chancelantes.<\/p>\n<p class=\"c4\">Enfin, ce qui se passe au Mali en mati\u00e8re de trafic de faux billets, pourrait avoir forc\u00e9ment des r\u00e9percussions sur les pays frontaliers. Il est l\u00e9gitime de supposer que le tristement c\u00e9l\u00e8bre marabout est \u00e0 la t\u00eate d\u2019un grand r\u00e9seau de faussaires, agissant \u00e0 l\u2019\u00e9chelle sous-r\u00e9gionale ou m\u00eame internationale. C\u2019est pourquoi la Justice malienne ne doit pas l\u00e9siner sur les moyens \u00e0 mobiliser, en vue d\u2019identifier, de stopper et de juger ce marabout et ses complices\u00a0!<\/p>\n<p class=\"c4\"><strong>\u00a0<\/strong><\/p>\n<p class=\"c4\"><strong>Monique NARE<\/strong><\/p>\n<p>Auteur: Le Pays<br \/>\n<a href=\"https:\/\/lepays.bf\/visite-ministerielle-au-nord-mali-sur-fond-dattaques-terroristes-kidal-va-t-elle-enfin-rentrer-dans-la-republique\/\">Cliquez ici pour lire l&rsquo;article depuis sa source.<\/a><\/p>\n","protected":false},"excerpt":{"rendered":"<p>Pour la premi\u00e8re fois depuis le putsch du 18 ao\u00fbt 2020, une d\u00e9l\u00e9gation minist\u00e9rielle s\u2019est rendue hier, \u00e0 Kidal, fief des rebelles de la Coordination des mouvements de l\u2019Azawad (CMA). Faut-il y voir un signe de d\u00e9crispation marquant le retour de l\u2019Etat malien dans cette ville longtemps consid\u00e9r\u00e9e comme une citadelle imprenable\u00a0? On attend de [&hellip;]<\/p>\n","protected":false},"author":1813,"featured_media":0,"comment_status":"closed","ping_status":"closed","sticky":false,"template":"","format":"standard","meta":{"fifu_image_url":"","fifu_image_alt":"","footnotes":""},"categories":[73,81],"tags":[],"class_list":["post-109979","post","type-post","status-publish","format-standard","hentry","category-actualite","category-burkina-faso"],"_links":{"self":[{"href":"https:\/\/linitiative.ca\/International\/wp-json\/wp\/v2\/posts\/109979","targetHints":{"allow":["GET"]}}],"collection":[{"href":"https:\/\/linitiative.ca\/International\/wp-json\/wp\/v2\/posts"}],"about":[{"href":"https:\/\/linitiative.ca\/International\/wp-json\/wp\/v2\/types\/post"}],"author":[{"embeddable":true,"href":"https:\/\/linitiative.ca\/International\/wp-json\/wp\/v2\/users\/1813"}],"replies":[{"embeddable":true,"href":"https:\/\/linitiative.ca\/International\/wp-json\/wp\/v2\/comments?post=109979"}],"version-history":[{"count":0,"href":"https:\/\/linitiative.ca\/International\/wp-json\/wp\/v2\/posts\/109979\/revisions"}],"wp:attachment":[{"href":"https:\/\/linitiative.ca\/International\/wp-json\/wp\/v2\/media?parent=109979"}],"wp:term":[{"taxonomy":"category","embeddable":true,"href":"https:\/\/linitiative.ca\/International\/wp-json\/wp\/v2\/categories?post=109979"},{"taxonomy":"post_tag","embeddable":true,"href":"https:\/\/linitiative.ca\/International\/wp-json\/wp\/v2\/tags?post=109979"}],"curies":[{"name":"wp","href":"https:\/\/api.w.org\/{rel}","templated":true}]}}