{"id":109980,"date":"2021-01-25T15:10:26","date_gmt":"2021-01-25T20:10:26","guid":{"rendered":"https:\/\/linitiative.ca\/International\/remise-dun-ex-chef-de-guerre-centrafricain-a-la-cpi-a-quand-le-tour-de-francois-bozize\/"},"modified":"2021-01-25T15:10:26","modified_gmt":"2021-01-25T20:10:26","slug":"remise-dun-ex-chef-de-guerre-centrafricain-a-la-cpi-a-quand-le-tour-de-francois-bozize","status":"publish","type":"post","link":"https:\/\/linitiative.ca\/International\/remise-dun-ex-chef-de-guerre-centrafricain-a-la-cpi-a-quand-le-tour-de-francois-bozize\/","title":{"rendered":"REMISE D\u2019UN EX-CHEF DE GUERRE CENTRAFRICAIN A LA CPI : A quand le tour de Fran\u00e7ois Boziz\u00e9 ?"},"content":{"rendered":"<p class=\"c4\">Il s\u2019appelle Mahamat Said Abdel Kani. C\u2019est un ancien chef rebelle de l\u2019ex-S\u00e9l\u00e9ka, du nom de cette milice \u00e0 majorit\u00e9 musulmane qui, avec sa rivale chr\u00e9tienne des Anti-Balaka, ont ouvert les portes de l\u2019enfer aux Centrafricains, lors du conflit fratricide de 2013-2014 qui a entra\u00een\u00e9 de nombreuses pertes en vies humaines, \u00e0 la suite d\u2019actes d\u2019atrocit\u00e9 d\u2019une rare violence, qui r\u00e9vulsent encore la conscience humaine. Quelque huit ans plus tard, cet ancien chef de guerre est appel\u00e9 \u00e0 r\u00e9pondre de ses actes devant la Cour p\u00e9nale internationale (CPI) qui a \u00e9mis, en janvier 2019, un mandat d\u2019arr\u00eat contre lui. Ce mandat vient d\u2019\u00eatre ex\u00e9cut\u00e9 avec sa remise, il y a quelques jours, \u00e0 l\u2019institution p\u00e9nale internationale bas\u00e9e aux Pays-Bas. Il\u00a0 y rejoint deux de ses tristement c\u00e9l\u00e8bres adversaires du camp adverse des anti-Balaka, Edgard Nga\u00efssona et Alfred Yekatom, d\u00e9tenus \u00e0 la prison de Scheveningen, en attente de leur proc\u00e8s pr\u00e9vu en d\u00e9but f\u00e9vrier prochain.<\/p>\n<p class=\"c4\">Le moins que l\u2019on puisse dire, c\u2019est que le transf\u00e8rement de cet autre seigneur de guerre centrafricain de l\u2019ex-S\u00e9l\u00e9ka \u00e0 la CPI, est un acte \u00e0 saluer.<\/p>\n<p class=\"c4\"><strong>Reste \u00e0 esp\u00e9rer que l\u2019effet psychologique de ces poursuites sera suffisamment dissuasif<\/strong><\/p>\n<p class=\"c4\">Car, au-del\u00e0 de l\u2019impunit\u00e9 m\u00eame des crimes de guerre et crimes contre l\u2019humanit\u00e9 commis en RCA et dont les pr\u00e9venus sont soup\u00e7onn\u00e9s, c\u2019est l\u2019\u00e9quit\u00e9 de l\u2019institution encore dirig\u00e9e par Fatou Bensouda (son mandat arrive \u00e0 expiration le 15 juin 2021) dans les poursuites qui ont lieu dans les deux camps, qu\u2019il convient de louer. Car, dans d\u2019autres circonstances comme dans le conflit ivoirien, cela n\u2019a pas \u00e9t\u00e9 le cas avec l\u2019ex-pr\u00e9sident Laurent Ggagbo et son ministre de la Jeunesse, Charles Bl\u00e9 Goud\u00e9, qui se sont retrouv\u00e9s seuls \u00e0 r\u00e9pondre devant l\u2019institution p\u00e9nale internationale pendant que leurs adversaires du camp Ouattara n\u2019ont jamais \u00e9t\u00e9 inqui\u00e9t\u00e9s. Reste maintenant \u00e0 esp\u00e9rer que l\u2019effet psychologique de ces poursuites contre ces ex-chefs rebelles centrafricains, sera suffisamment dissuasif pour r\u00e9fr\u00e9ner les ardeurs d\u2019\u00e9ventuels apprentis maquisards qui seraient toujours tent\u00e9s, dans l\u2019ex-Oubangui Chari, \u00a0par la conqu\u00eate du pouvoir par les armes. Car, le drame que vit aujourd\u2019hui le pays de Barth\u00e9l\u00e9my Boganda, semble, \u00e0 bien des \u00e9gards, moins le fait de l\u2019incapacit\u00e9 des populations \u00e0 vivre en harmonie les unes avec les autres, que l\u2019action des acteurs politiques et autres individus aux intentions obscures qui les instrumentalisent \u00e0 des fins purement partisanes.<\/p>\n<p class=\"c4\">Or, tant qu\u2019il en sera ainsi, il sera difficile, pour ce pays d\u2019Afrique centrale dont les richesses diamantif\u00e8res aiguisent les app\u00e9tits bien au-del\u00e0 de ses fronti\u00e8res, de conna\u00eetre la paix. La preuve en est qu\u2019aujourd\u2019hui encore, \u00e0 la faveur de la pr\u00e9sidentielle du 27 d\u00e9cembre dernier, le pays qui \u00e9tait d\u00e9j\u00e0 en convalescence d\u00e9mocratique et qui peine \u00e0 se relever de la crise de 2013-2014, est \u00e0 nouveau \u00e0 feu et \u00e0 sang, du fait de l\u2019incurie de personnalit\u00e9s politiques comme l\u2019ex-pr\u00e9sident Fran\u00e7ois Boziz\u00e9 qui semble avoir jet\u00e9 son d\u00e9volu sur les armes pour la reconqu\u00eate du pouvoir, apr\u00e8s avoir \u00e9t\u00e9 recal\u00e9 sur la voie des urnes par la Cour constitutionnelle.<\/p>\n<p class=\"c4\"><strong>Il est temps, pour l\u2019institution judiciaire internationale, de songer \u00e0 ouvrir un dossier Boziz\u00e9<\/strong><\/p>\n<p class=\"c4\">Aujourd\u2019hui, en ignorant royalement les voies constitutionnelles de recours contre les r\u00e9sultats du scrutin qui a livr\u00e9 son verdict final en faveur du pr\u00e9sident sortant, Faustin Archange Touad\u00e9ra, pour faire alliance avec les groupes arm\u00e9s qui s\u00e8ment la mort et la terreur dans le pays, Boziz\u00e9 s\u2019affiche en principal ennemi de la paix en Centrafrique. Et seule une institution comme la Cour p\u00e9nale internationale semble encore en mesure de l\u2019inqui\u00e9ter. Car, l\u2019int\u00e9ress\u00e9 fait d\u00e9j\u00e0 l\u2019objet d\u2019un mandat d\u2019arr\u00eat \u00e9mis par la Justice de son pays, sans que cela suffise \u00e0 l\u2019emp\u00eacher de se d\u00e9placer sur le territoire national, comme un poisson dans l\u2019eau. C\u2019est pourquoi l\u2019on a envie de se demander \u00e0 quand le tour de Fran\u00e7ois Boziz\u00e9, d\u2019\u00eatre dans la collimateur de la Justice internationale en vue d\u2019int\u00e9grer la c\u00e9l\u00e8bre prison de La Haye\u00a0pour mieux y m\u00e9diter sur tous ses actes attentatoires \u00e0 la paix en RCA. C\u2019est dire s\u2019il est temps, pour l\u2019institution judiciaire internationale, de songer, si ce n\u2019est d\u00e9j\u00e0 dans ses tuyaux, \u00e0 ouvrir un dossier Boziz\u00e9. Cela pourrait peut-\u00eatre permettre \u00e0 la Centrafrique de conna\u00eetre la paix. Car, au-del\u00e0 de Fran\u00e7ois Boziz\u00e9 et des protagonistes de cette crise qui n\u2019en finit pas de compter ses morts et de maintenir le pays dans un \u00e9tat d\u2019instabilit\u00e9 et de pr\u00e9carit\u00e9 \u00e9conomique et s\u00e9curitaire, c\u2019est le r\u00f4le de puissances ext\u00e9rieures qui continuent d\u2019attiser en sous-main la braise en RCA pour mieux tirer leurs marrons du feu, qu\u2019il convient de d\u00e9noncer. C\u2019est dire s\u2019il y a des raisons de croire aujourd\u2019hui que la RCA est\u00a0 otage non seulement du choc des ambitions de ses leaders politiques, mais aussi des convoitises de ses richesses naturelles et mini\u00e8res qui semblent faire le malheur de ses habitants.<\/p>\n<p class=\"c4\"><strong><em>\u00a0<\/em><\/strong><\/p>\n<p class=\"c4\"><strong><em>\u00ab\u00a0Le Pays\u00a0\u00bb<\/em><\/strong><\/p>\n<p>Auteur: Le Pays<br \/>\n<a href=\"https:\/\/lepays.bf\/remise-dun-ex-chef-de-guerre-centrafricain-a-la-cpi-a-quand-le-tour-de-francois-bozize\/\">Cliquez ici pour lire l&rsquo;article depuis sa source.<\/a><\/p>\n","protected":false},"excerpt":{"rendered":"<p>Il s\u2019appelle Mahamat Said Abdel Kani. C\u2019est un ancien chef rebelle de l\u2019ex-S\u00e9l\u00e9ka, du nom de cette milice \u00e0 majorit\u00e9 musulmane qui, avec sa rivale chr\u00e9tienne des Anti-Balaka, ont ouvert les portes de l\u2019enfer aux Centrafricains, lors du conflit fratricide de 2013-2014 qui a entra\u00een\u00e9 de nombreuses pertes en vies humaines, \u00e0 la suite d\u2019actes [&hellip;]<\/p>\n","protected":false},"author":1813,"featured_media":0,"comment_status":"closed","ping_status":"closed","sticky":false,"template":"","format":"standard","meta":{"fifu_image_url":"","fifu_image_alt":"","footnotes":""},"categories":[73,81],"tags":[],"class_list":["post-109980","post","type-post","status-publish","format-standard","hentry","category-actualite","category-burkina-faso"],"_links":{"self":[{"href":"https:\/\/linitiative.ca\/International\/wp-json\/wp\/v2\/posts\/109980","targetHints":{"allow":["GET"]}}],"collection":[{"href":"https:\/\/linitiative.ca\/International\/wp-json\/wp\/v2\/posts"}],"about":[{"href":"https:\/\/linitiative.ca\/International\/wp-json\/wp\/v2\/types\/post"}],"author":[{"embeddable":true,"href":"https:\/\/linitiative.ca\/International\/wp-json\/wp\/v2\/users\/1813"}],"replies":[{"embeddable":true,"href":"https:\/\/linitiative.ca\/International\/wp-json\/wp\/v2\/comments?post=109980"}],"version-history":[{"count":0,"href":"https:\/\/linitiative.ca\/International\/wp-json\/wp\/v2\/posts\/109980\/revisions"}],"wp:attachment":[{"href":"https:\/\/linitiative.ca\/International\/wp-json\/wp\/v2\/media?parent=109980"}],"wp:term":[{"taxonomy":"category","embeddable":true,"href":"https:\/\/linitiative.ca\/International\/wp-json\/wp\/v2\/categories?post=109980"},{"taxonomy":"post_tag","embeddable":true,"href":"https:\/\/linitiative.ca\/International\/wp-json\/wp\/v2\/tags?post=109980"}],"curies":[{"name":"wp","href":"https:\/\/api.w.org\/{rel}","templated":true}]}}