{"id":109983,"date":"2021-01-25T17:31:39","date_gmt":"2021-01-25T22:31:39","guid":{"rendered":"https:\/\/linitiative.ca\/International\/rdc-les-revers-dun-compromis-politique\/"},"modified":"2021-01-25T17:31:39","modified_gmt":"2021-01-25T22:31:39","slug":"rdc-les-revers-dun-compromis-politique","status":"publish","type":"post","link":"https:\/\/linitiative.ca\/International\/rdc-les-revers-dun-compromis-politique\/","title":{"rendered":"RDC : les revers  d\u2019un compromis politique"},"content":{"rendered":"<div class=\"td-post-featured-image\"><a href=\"https:\/\/www.sidwaya.info\/wp-content\/uploads\/2020\/12\/Trait-de-plume-1.jpg\" data-caption=\"\"><img loading=\"lazy\" decoding=\"async\" width=\"696\" height=\"465\" class=\"entry-thumb td-modal-image\" src=\"https:\/\/www.sidwaya.info\/wp-content\/uploads\/2020\/12\/Trait-de-plume-1-696x465.jpg\" srcset=\"https:\/\/www.sidwaya.info\/wp-content\/uploads\/2020\/12\/Trait-de-plume-1-696x465.jpg 696w, https:\/\/www.sidwaya.info\/wp-content\/uploads\/2020\/12\/Trait-de-plume-1-300x200.jpg 300w, https:\/\/www.sidwaya.info\/wp-content\/uploads\/2020\/12\/Trait-de-plume-1-150x100.jpg 150w, https:\/\/www.sidwaya.info\/wp-content\/uploads\/2020\/12\/Trait-de-plume-1-629x420.jpg 629w, https:\/\/www.sidwaya.info\/wp-content\/uploads\/2020\/12\/Trait-de-plume-1.jpg 738w\" sizes=\"auto, (max-width: 696px) 100vw, 696px\" alt=\"\" title=\"Trait de plume\"\/><\/a><\/div>\n<p>Il y a de cela deux ans que F\u00e9lix Tshisekedi a \u00e9t\u00e9 investi comme pr\u00e9sident de la R\u00e9publique d\u00e9mocratique du Congo (RDC), op\u00e9rant du m\u00eame coup la toute premi\u00e8re alternance politique pacifique dans son pays. La coalition entre le Front commun pour le Congo (FCC) de l\u2019ancien pr\u00e9sident Joseph Kabila et le Cap pour le changement (CACH) de F\u00e9lix Tshisekedi, a \u00e9t\u00e9 l\u2019attelage gouvernemental pendant plus d\u2019une ann\u00e9e jusqu\u2019\u00e0 ce que le clash intervienne ouvertement en octobre 2020. L\u2019on se rappelle que le pr\u00e9sident avait d\u00e9cid\u00e9 de rompre l\u2019alliance avec le FCC. Depuis lors, le pays vit au rythme de tensions politiques inh\u00e9rentes \u00e0 la reconstitution d\u2019une nouvelle majorit\u00e9 pr\u00e9sidentielle.<\/p>\n<p>Deux ans apr\u00e8s son arriv\u00e9e au pouvoir, F\u00e9lix Tshisekedi n\u2019a v\u00e9ritablement pas eu les coud\u00e9es franches pour asseoir son programme politique, d\u2019autant plus que l\u2019ombre de son pr\u00e9d\u00e9cesseur a toujours plan\u00e9 dans les affaires publiques. L\u2019alternance politique dont tout le monde parlait, a \u00e9t\u00e9 purement et simplement un deal savamment orchestr\u00e9 entre Kabila et Tshisekedi. Contraint de ne pas briguer un \u00e9ni\u00e8me mandat \u00e0 la t\u00eate du pays, Joseph Kabila a contre mauvaise fortune fait bon c\u0153ur en tripatouillant les r\u00e9sultats de la pr\u00e9sidentielle en faveur de F\u00e9lix Tshisekedi. L\u2019expression de la volont\u00e9 du peuple congolais a \u00e9t\u00e9 sacrifi\u00e9 sur l\u2019autel d\u2019un arrangement politique.<\/p>\n<p>Que faut-il retenir des deux ans de F\u00e9lix Tshisekedi \u00e0 la t\u00eate de la RDC ? A l\u2019heure de ce bilan, les tensions entre les deux alli\u00e9s dominent largement les d\u00e9bats aux d\u00e9pens des initiatives en faveur du d\u00e9veloppement socio\u00e9conomique du pays. Soucieux de s\u2019\u00e9manciper de la tutelle de celui qui a man\u0153uvr\u00e9 pour qu\u2019il parvienne au pouvoir, F\u00e9lix Tshisekedi n\u2019a pas encore eu la latitude de d\u00e9rouler son programme quinquennal. Durant ces deux ans, il est apparu comme une marionnette dont Kabila tirait les ficelles \u00e0 sa guise. Leur volont\u00e9 commune de gouverner ensemble dans le cadre d\u2019une coalition gouvernementale FCC-CACH n\u2019a \u00e9t\u00e9 qu\u2019un jeu de contr\u00f4le de pouvoir depuis l\u2019union du 6 mars 2019.<\/p>\n<p>Lorsque F\u00e9lix Tshisekedi s\u2019est rendu compte des limites de cette alliance, il a fait cet aveu : \u00ab elle ne m\u2019a pas permis de mettre en \u0153uvre mon programme et de r\u00e9pondre aux attentes des Congolais \u00bb. Une phrase qui r\u00e9sume \u00e0 elle seule l\u2019impasse dans laquelle il se trouve depuis qu\u2019il dirige le pays. Comme un capitaine pris dans la tourmente d\u2019une temp\u00eate en pleine mer, F\u00e9lix Tshisekedi va m\u00eame sacrifier son principal soutien et directeur de cabinet, Vital Kamerhe au nom de la lutte contre la corruption. Accus\u00e9 d\u2019avoir orchestr\u00e9 le d\u00e9tournement de dizaines de millions de dollars du programme des 100 jours du chef de l\u2019\u00c9tat, Kamerhe va vite payer les frais d\u2019une rivalit\u00e9 que le gouvernement majoritairement pro-Kabila a eu la malice de transformer en proc\u00e9dure judiciaire.<\/p>\n<p>Depuis lors, il croupit en prison sans que le pr\u00e9sident n\u2019ait pu rien faire pour lui \u00e9pargner un tel sort. C\u2019est pourquoi en lieu et place de bilan pendant ces deux ann\u00e9es de gouvernance, Tshisekedi devra faire une introspection pour mieux orienter le navire vers des lendemains qui rassurent non seulement le peuple congolais mais aussi son propre camp. S\u2019il n\u2019arrive pas \u00e0 s\u2019affranchir de l\u2019omnipr\u00e9sence de Kabila dans les grandes institutions, son mandat risque d\u2019\u00eatre du temps perdu au d\u00e9triment des vrais d\u00e9fis du pays qui sont li\u00e9s \u00e0 la stabilit\u00e9 politique, \u00e0 la s\u00e9curit\u00e9, au d\u00e9veloppement et au retour de la paix. Tant que Tshisekedi n\u2019aura pas les cartes en main pour redresser la situation, il aura toutes les peines du monde \u00e0 rempiler pour un second mandat. C\u2019est le moment ou jamais pour lui d\u2019avoir l\u2019audace de clore d\u00e9finitivement cette alliance de fa\u00e7ade qui aura occult\u00e9 les vraies pr\u00e9occupations des Congolais. Il y va aussi de son avenir politique.<\/p>\n<p class=\"c1\"><strong>Karim BADOLO<\/strong><\/p>\n<div class=\"td-a-rec td-a-rec-id-content_bottom tdi_33_0e3 td_block_template_1\"><img loading=\"lazy\" decoding=\"async\" class=\"aligncenter size-full wp-image-27454\" src=\"https:\/\/www.sidwaya.info\/wp-content\/uploads\/2020\/10\/PUB-Bandeau-paiement-mobile-siteweb.jpg\" alt=\"\" width=\"728\" height=\"90\"\/><\/div>\n<p>Auteur: JK. Sidwaya<br \/>\n<a href=\"https:\/\/www.sidwaya.info\/blog\/2021\/01\/25\/rdc-les-revers-dun-compromis-politique\/\">Cliquez ici pour lire l&rsquo;article depuis sa source.<\/a><\/p>\n","protected":false},"excerpt":{"rendered":"<p>Il y a de cela deux ans que F\u00e9lix Tshisekedi a \u00e9t\u00e9 investi comme pr\u00e9sident de la R\u00e9publique d\u00e9mocratique du Congo (RDC), op\u00e9rant du m\u00eame coup la toute premi\u00e8re alternance politique pacifique dans son pays. La coalition entre le Front commun pour le Congo (FCC) de l\u2019ancien pr\u00e9sident Joseph Kabila et le Cap pour le [&hellip;]<\/p>\n","protected":false},"author":1816,"featured_media":0,"comment_status":"closed","ping_status":"closed","sticky":false,"template":"","format":"standard","meta":{"fifu_image_url":"https:\/\/www.sidwaya.info\/wp-content\/uploads\/2020\/12\/Trait-de-plume-1-696x465.jpg","fifu_image_alt":"RDC : les revers  d\u2019un compromis politique","footnotes":""},"categories":[73,81],"tags":[],"class_list":["post-109983","post","type-post","status-publish","format-standard","hentry","category-actualite","category-burkina-faso"],"_links":{"self":[{"href":"https:\/\/linitiative.ca\/International\/wp-json\/wp\/v2\/posts\/109983","targetHints":{"allow":["GET"]}}],"collection":[{"href":"https:\/\/linitiative.ca\/International\/wp-json\/wp\/v2\/posts"}],"about":[{"href":"https:\/\/linitiative.ca\/International\/wp-json\/wp\/v2\/types\/post"}],"author":[{"embeddable":true,"href":"https:\/\/linitiative.ca\/International\/wp-json\/wp\/v2\/users\/1816"}],"replies":[{"embeddable":true,"href":"https:\/\/linitiative.ca\/International\/wp-json\/wp\/v2\/comments?post=109983"}],"version-history":[{"count":0,"href":"https:\/\/linitiative.ca\/International\/wp-json\/wp\/v2\/posts\/109983\/revisions"}],"wp:attachment":[{"href":"https:\/\/linitiative.ca\/International\/wp-json\/wp\/v2\/media?parent=109983"}],"wp:term":[{"taxonomy":"category","embeddable":true,"href":"https:\/\/linitiative.ca\/International\/wp-json\/wp\/v2\/categories?post=109983"},{"taxonomy":"post_tag","embeddable":true,"href":"https:\/\/linitiative.ca\/International\/wp-json\/wp\/v2\/tags?post=109983"}],"curies":[{"name":"wp","href":"https:\/\/api.w.org\/{rel}","templated":true}]}}