{"id":109984,"date":"2021-01-25T17:35:28","date_gmt":"2021-01-25T22:35:28","guid":{"rendered":"https:\/\/linitiative.ca\/International\/situation-alimentaire-et-nutritionnelle-au-burkina-le-comite-de-prevision-en-conclave\/"},"modified":"2021-01-25T17:35:28","modified_gmt":"2021-01-25T22:35:28","slug":"situation-alimentaire-et-nutritionnelle-au-burkina-le-comite-de-prevision-en-conclave","status":"publish","type":"post","link":"https:\/\/linitiative.ca\/International\/situation-alimentaire-et-nutritionnelle-au-burkina-le-comite-de-prevision-en-conclave\/","title":{"rendered":"Situation alimentaire et nutritionnelle au Burkina : Le Comit\u00e9 de pr\u00e9vision en conclave"},"content":{"rendered":"<div class=\"td-post-featured-image\" readability=\"33\"><a href=\"https:\/\/www.sidwaya.info\/wp-content\/uploads\/2021\/01\/conclave.jpg\" data-caption=\"L&#x2019;ouverture officielle de l&#x2019;atelier a connu la pr&#xE9;sence des ministres en charge de l&#x2019;eau et des ressources animales.\"><img loading=\"lazy\" decoding=\"async\" width=\"696\" height=\"389\" class=\"entry-thumb td-modal-image\" src=\"https:\/\/www.sidwaya.info\/wp-content\/uploads\/2021\/01\/conclave-696x389.jpg\" srcset=\"https:\/\/www.sidwaya.info\/wp-content\/uploads\/2021\/01\/conclave-696x389.jpg 696w, https:\/\/www.sidwaya.info\/wp-content\/uploads\/2021\/01\/conclave-300x168.jpg 300w, https:\/\/www.sidwaya.info\/wp-content\/uploads\/2021\/01\/conclave-768x429.jpg 768w, https:\/\/www.sidwaya.info\/wp-content\/uploads\/2021\/01\/conclave-150x84.jpg 150w, https:\/\/www.sidwaya.info\/wp-content\/uploads\/2021\/01\/conclave-751x420.jpg 751w, https:\/\/www.sidwaya.info\/wp-content\/uploads\/2021\/01\/conclave.jpg 780w\" sizes=\"auto, (max-width: 696px) 100vw, 696px\" alt=\"\" title=\"conclave\"\/><\/a>L\u2019ouverture officielle de l\u2019atelier a connu la pr\u00e9sence des ministres en charge de l\u2019eau et des ressources animales.<\/div>\n<p><strong>Le minist\u00e8re de l\u2019Agriculture, des Am\u00e9nagements hydroagricoles et de la M\u00e9canisation a organis\u00e9 la premi\u00e8re session du Comit\u00e9 de pr\u00e9vision sur la situation alimentaire (CPSA), le lundi 25 janvier 2021, \u00e0 Ouagadougou.<\/strong><\/p>\n<p>Valider les diff\u00e9rents agr\u00e9gats de la s\u00e9curit\u00e9 alimentaire \u00e0 savoir les bilans c\u00e9r\u00e9aliers ex-post et d\u00e9finitifs, les bilans alimentaires et le taux de couverture des besoins c\u00e9r\u00e9aliers par province, d\u00e9terminer les zones et les populations vuln\u00e9rables \u00e0 l\u2019ins\u00e9curit\u00e9 alimentaire et formuler des recommandations \u00e0 l\u2019endroit des d\u00e9cideurs, sont entre autres objectifs poursuivis par le Comit\u00e9 de pr\u00e9vision sur la situation alimentaire (CPSA) lors de sa premi\u00e8re session. R\u00e9unis le lundi 25 janvier 2021, les acteurs ont examin\u00e9 et mis \u00e0 jour l\u2019\u00e9tat de la situation alimentaire et nutritionnelle du Burkina Faso. Selon le ministre de l\u2019Agriculture, des Am\u00e9nagements hydroagricoles et de la M\u00e9canisation, Salifou Ou\u00e9draogo, il a \u00e9t\u00e9 question sp\u00e9cifiquement d\u2019\u00e9valuer et valider les perspectives alimentaires du pays sur la base des donn\u00e9es d\u00e9finitives de la campagne agropastorale et des r\u00e9sultats issus des diverses analyses telles que le Cadre harmonis\u00e9, les donn\u00e9es nutritionnelles, le bilan fourrager et la situation des personnes d\u00e9plac\u00e9es internes.<\/p>\n<p>\u00ab Les r\u00e9sultats des analyses sur la question seront pr\u00e9sent\u00e9s en Conseil des ministres pour adoption et serviront \u00e0 la prise de d\u00e9cisions idoines en vue d\u2019anticiper sur les difficult\u00e9s alimentaires et nutritionnelles \u00e9ventuelles que pourraient conna\u00eetre les populations vuln\u00e9rables \u00bb, a-t-il dit. Le ministre a pr\u00e9cis\u00e9 que les r\u00e9sultats permettront \u00e9galement aux institutions telles que le CILSS et la CEDEAO de dresser l\u2019\u00e9tat consolid\u00e9 de la situation alimentaire et nutritionnelle de la sous-r\u00e9gion. Pour lui, la caract\u00e9risation du ph\u00e9nom\u00e8ne de l\u2019ins\u00e9curit\u00e9 alimentaire est une probl\u00e9matique multidimensionnelle qui requiert des outils et des approches faisant appel \u00e0 des comp\u00e9tences diverses. \u00ab La contribution des acteurs institutionnels \u00e9tatiques, non \u00e9tatiques, des partenaires techniques et financiers, de la soci\u00e9t\u00e9 civile et du secteur priv\u00e9 intervenant dans le domaine est la cl\u00e9 du succ\u00e8s \u00bb, a-t-il d\u00e9clar\u00e9.<\/p>\n<p class=\"c1\"><strong>Gaspard BAYALA<\/strong><br \/><strong>Antoinette KABRE<\/strong><br \/>(Stagiaire)<\/p>\n<div class=\"td-a-rec td-a-rec-id-content_bottom tdi_33_650 td_block_template_1\"><img loading=\"lazy\" decoding=\"async\" class=\"aligncenter size-full wp-image-27454\" src=\"https:\/\/www.sidwaya.info\/wp-content\/uploads\/2020\/10\/PUB-Bandeau-paiement-mobile-siteweb.jpg\" alt=\"\" width=\"728\" height=\"90\"\/><\/div>\n<p>Auteur: JK. Sidwaya<br \/>\n<a href=\"https:\/\/www.sidwaya.info\/blog\/2021\/01\/25\/situation-alimentaire-et-nutritionnelle-au-burkina-le-comite-de-prevision-en-conclave\/\">Cliquez ici pour lire l&rsquo;article depuis sa source.<\/a><\/p>\n","protected":false},"excerpt":{"rendered":"<p>L\u2019ouverture officielle de l\u2019atelier a connu la pr\u00e9sence des ministres en charge de l\u2019eau et des ressources animales. Le minist\u00e8re de l\u2019Agriculture, des Am\u00e9nagements hydroagricoles et de la M\u00e9canisation a organis\u00e9 la premi\u00e8re session du Comit\u00e9 de pr\u00e9vision sur la situation alimentaire (CPSA), le lundi 25 janvier 2021, \u00e0 Ouagadougou. Valider les diff\u00e9rents agr\u00e9gats de [&hellip;]<\/p>\n","protected":false},"author":1816,"featured_media":0,"comment_status":"closed","ping_status":"closed","sticky":false,"template":"","format":"standard","meta":{"fifu_image_url":"https:\/\/www.sidwaya.info\/wp-content\/uploads\/2021\/01\/conclave-696x389.jpg","fifu_image_alt":"Situation alimentaire et nutritionnelle au Burkina : Le Comit\u00e9 de pr\u00e9vision en conclave","footnotes":""},"categories":[73,81],"tags":[],"class_list":["post-109984","post","type-post","status-publish","format-standard","hentry","category-actualite","category-burkina-faso"],"_links":{"self":[{"href":"https:\/\/linitiative.ca\/International\/wp-json\/wp\/v2\/posts\/109984","targetHints":{"allow":["GET"]}}],"collection":[{"href":"https:\/\/linitiative.ca\/International\/wp-json\/wp\/v2\/posts"}],"about":[{"href":"https:\/\/linitiative.ca\/International\/wp-json\/wp\/v2\/types\/post"}],"author":[{"embeddable":true,"href":"https:\/\/linitiative.ca\/International\/wp-json\/wp\/v2\/users\/1816"}],"replies":[{"embeddable":true,"href":"https:\/\/linitiative.ca\/International\/wp-json\/wp\/v2\/comments?post=109984"}],"version-history":[{"count":0,"href":"https:\/\/linitiative.ca\/International\/wp-json\/wp\/v2\/posts\/109984\/revisions"}],"wp:attachment":[{"href":"https:\/\/linitiative.ca\/International\/wp-json\/wp\/v2\/media?parent=109984"}],"wp:term":[{"taxonomy":"category","embeddable":true,"href":"https:\/\/linitiative.ca\/International\/wp-json\/wp\/v2\/categories?post=109984"},{"taxonomy":"post_tag","embeddable":true,"href":"https:\/\/linitiative.ca\/International\/wp-json\/wp\/v2\/tags?post=109984"}],"curies":[{"name":"wp","href":"https:\/\/api.w.org\/{rel}","templated":true}]}}