{"id":109985,"date":"2021-01-25T17:41:49","date_gmt":"2021-01-25T22:41:49","guid":{"rendered":"https:\/\/linitiative.ca\/International\/reconciliation-nationale-zephirin-diabre-se-confie-a-leglise\/"},"modified":"2021-01-25T17:41:49","modified_gmt":"2021-01-25T22:41:49","slug":"reconciliation-nationale-zephirin-diabre-se-confie-a-leglise","status":"publish","type":"post","link":"https:\/\/linitiative.ca\/International\/reconciliation-nationale-zephirin-diabre-se-confie-a-leglise\/","title":{"rendered":"R\u00e9conciliation nationale : Z\u00e9phirin Diabr\u00e9 se confie \u00e0 l\u2019Eglise"},"content":{"rendered":"<div class=\"td-post-featured-image\" readability=\"33\"><a href=\"https:\/\/www.sidwaya.info\/wp-content\/uploads\/2021\/01\/zeph-1.jpg\" data-caption=\"Le cardinal Philippe Ou&#xE9;draogo a salu&#xE9; la d&#xE9;marche de Z&#xE9;phirin Diabr&#xE9; et lui a souhait&#xE9; un bon minist&#xE8;re.\"><img loading=\"lazy\" decoding=\"async\" width=\"696\" height=\"476\" class=\"entry-thumb td-modal-image\" src=\"https:\/\/www.sidwaya.info\/wp-content\/uploads\/2021\/01\/zeph-1-696x476.jpg\" srcset=\"https:\/\/www.sidwaya.info\/wp-content\/uploads\/2021\/01\/zeph-1-696x476.jpg 696w, https:\/\/www.sidwaya.info\/wp-content\/uploads\/2021\/01\/zeph-1-300x205.jpg 300w, https:\/\/www.sidwaya.info\/wp-content\/uploads\/2021\/01\/zeph-1-768x525.jpg 768w, https:\/\/www.sidwaya.info\/wp-content\/uploads\/2021\/01\/zeph-1-150x103.jpg 150w, https:\/\/www.sidwaya.info\/wp-content\/uploads\/2021\/01\/zeph-1-218x150.jpg 218w, https:\/\/www.sidwaya.info\/wp-content\/uploads\/2021\/01\/zeph-1-614x420.jpg 614w, https:\/\/www.sidwaya.info\/wp-content\/uploads\/2021\/01\/zeph-1.jpg 787w\" sizes=\"auto, (max-width: 696px) 100vw, 696px\" alt=\"\" title=\"zeph\"\/><\/a>Le cardinal Philippe Ou\u00e9draogo a salu\u00e9 la d\u00e9marche de Z\u00e9phirin Diabr\u00e9 et lui a souhait\u00e9 un bon minist\u00e8re.<\/div>\n<p><strong>Le Ministre d\u2019Etat, ministre aupr\u00e8s du pr\u00e9sident du Faso, charg\u00e9 de la R\u00e9conciliation nationale et de la Coh\u00e9sion sociale, Z\u00e9phirin Diabr\u00e9, a rencontr\u00e9, le lundi 25 janvier 2021, \u00e0 Ouagadougou, les responsables de la F\u00e9d\u00e9ration des \u00e9glises et missions \u00e9vang\u00e9liques (FEME) et ceux de l\u2019Eglise catholique.<\/strong><\/p>\n<p>Le ministre d\u2019Etat charg\u00e9 de la r\u00e9conciliation nationale, Z\u00e9phirin Diabr\u00e9 multiplie les rencontres pour r\u00e9ussir sa mission. Apr\u00e8s la communaut\u00e9 musulmane (FAIB et CERFI), Z\u00e9phirin Diabr\u00e9 a rendu visite, le lundi 25 janvier 2021 \u00e0 Ouagadougou, aux premiers responsables de l\u2019Eglise catholique et de la F\u00e9d\u00e9ration des \u00e9glises et missions \u00e9vang\u00e9liques (FEME).<\/p>\n<p>Lors des \u00e9changes avec l\u2019Eglise catholique, l\u2019archev\u00eaque m\u00e9tropolitain de Ouagadougou, le cardinal Philippe Ou\u00e9draogo, lui a offert un livre publi\u00e9 par le Pape Fran\u00e7ois. \u00ab Notre Pape Fran\u00e7ois a publi\u00e9 un document de grande importance sur la fraternit\u00e9 dont le titre en Italien veut dire : tous fr\u00e8res et s\u0153urs.<\/p>\n<p>Je pensais que je pouvais offrir ce petit geste au ministre Diabr\u00e9, charg\u00e9 de r\u00e9concilier les Burkinab\u00e8 pour aider les Burkinab\u00e8 \u00e0 se reconna\u00eetre comme fr\u00e8res ! au-del\u00e0 des distinctions religieuses, ethniques, des conditions sociales et des options politiques \u00bb, a-t-il dit.<br \/>Dans la matin\u00e9e, Z\u00e9phirin Diabr\u00e9 a \u00e9t\u00e9 re\u00e7u par le pr\u00e9sident de la FEME, le pasteur Henri Y\u00e9. Au terme des \u00e9changes, Z\u00e9phirin Diabr\u00e9 a pr\u00e9cis\u00e9 que sa visite lui a permis de pr\u00e9senter \u00e0 la F\u00e9d\u00e9ration, la mission que lui a confi\u00e9e le pr\u00e9sident du Faso et aussi de demander les pri\u00e8res et conseils \u00e0 ses membres. \u00ab La r\u00e9conciliation nationale est au centre de toutes les pr\u00e9occupations du Burkina Faso.<\/p>\n<p>Tous les Burkinab\u00e8 ont besoin de se comprendre, se tol\u00e9rer, se pardonner et se r\u00e9concilier \u00bb, a appr\u00e9ci\u00e9 pour sa part, le pr\u00e9sident de la FEME. Il a donc appel\u00e9 la population \u00e0 faire bloc autour du ministre Z\u00e9phirin Diabr\u00e9 afin qu\u2019il puisse r\u00e9ussir sa mission. Le pasteur Y\u00e9 a aussi conseill\u00e9 au ministre d\u2019Etat, d\u2019engager une large consultation et de constituer une grande \u00e9quipe avec des conseillers qui vont l\u2019aider \u00e0 r\u00e9ussir sa mission en privil\u00e9giant la recherche de la v\u00e9rit\u00e9.<\/p>\n<p class=\"c1\"><strong>Jean-Marie TOE<\/strong><br \/><strong>Lati Fatou TARBANGDO<\/strong><br \/>(stagiaire)<\/p>\n<div class=\"td-a-rec td-a-rec-id-content_bottom tdi_33_6df td_block_template_1\"><img loading=\"lazy\" decoding=\"async\" class=\"aligncenter size-full wp-image-27454\" src=\"https:\/\/www.sidwaya.info\/wp-content\/uploads\/2020\/10\/PUB-Bandeau-paiement-mobile-siteweb.jpg\" alt=\"\" width=\"728\" height=\"90\"\/><\/div>\n<p>Auteur: JK. Sidwaya<br \/>\n<a href=\"https:\/\/www.sidwaya.info\/blog\/2021\/01\/25\/reconciliation-nationale-zephirin-diabre-se-confie-a-leglise\/\">Cliquez ici pour lire l&rsquo;article depuis sa source.<\/a><\/p>\n","protected":false},"excerpt":{"rendered":"<p>Le cardinal Philippe Ou\u00e9draogo a salu\u00e9 la d\u00e9marche de Z\u00e9phirin Diabr\u00e9 et lui a souhait\u00e9 un bon minist\u00e8re. Le Ministre d\u2019Etat, ministre aupr\u00e8s du pr\u00e9sident du Faso, charg\u00e9 de la R\u00e9conciliation nationale et de la Coh\u00e9sion sociale, Z\u00e9phirin Diabr\u00e9, a rencontr\u00e9, le lundi 25 janvier 2021, \u00e0 Ouagadougou, les responsables de la F\u00e9d\u00e9ration des \u00e9glises [&hellip;]<\/p>\n","protected":false},"author":1816,"featured_media":0,"comment_status":"closed","ping_status":"closed","sticky":false,"template":"","format":"standard","meta":{"fifu_image_url":"https:\/\/www.sidwaya.info\/wp-content\/uploads\/2021\/01\/zeph-1-696x476.jpg","fifu_image_alt":"R\u00e9conciliation nationale : Z\u00e9phirin Diabr\u00e9 se confie \u00e0 l\u2019Eglise","footnotes":""},"categories":[73,81],"tags":[],"class_list":["post-109985","post","type-post","status-publish","format-standard","hentry","category-actualite","category-burkina-faso"],"_links":{"self":[{"href":"https:\/\/linitiative.ca\/International\/wp-json\/wp\/v2\/posts\/109985","targetHints":{"allow":["GET"]}}],"collection":[{"href":"https:\/\/linitiative.ca\/International\/wp-json\/wp\/v2\/posts"}],"about":[{"href":"https:\/\/linitiative.ca\/International\/wp-json\/wp\/v2\/types\/post"}],"author":[{"embeddable":true,"href":"https:\/\/linitiative.ca\/International\/wp-json\/wp\/v2\/users\/1816"}],"replies":[{"embeddable":true,"href":"https:\/\/linitiative.ca\/International\/wp-json\/wp\/v2\/comments?post=109985"}],"version-history":[{"count":0,"href":"https:\/\/linitiative.ca\/International\/wp-json\/wp\/v2\/posts\/109985\/revisions"}],"wp:attachment":[{"href":"https:\/\/linitiative.ca\/International\/wp-json\/wp\/v2\/media?parent=109985"}],"wp:term":[{"taxonomy":"category","embeddable":true,"href":"https:\/\/linitiative.ca\/International\/wp-json\/wp\/v2\/categories?post=109985"},{"taxonomy":"post_tag","embeddable":true,"href":"https:\/\/linitiative.ca\/International\/wp-json\/wp\/v2\/tags?post=109985"}],"curies":[{"name":"wp","href":"https:\/\/api.w.org\/{rel}","templated":true}]}}