{"id":109987,"date":"2021-01-25T13:58:18","date_gmt":"2021-01-25T18:58:18","guid":{"rendered":"https:\/\/linitiative.ca\/International\/cameroun-lions-a-jacques-zoua-toujours-coince-a-linfirmerie\/"},"modified":"2021-01-25T13:58:18","modified_gmt":"2021-01-25T18:58:18","slug":"cameroun-lions-a-jacques-zoua-toujours-coince-a-linfirmerie","status":"publish","type":"post","link":"https:\/\/linitiative.ca\/International\/cameroun-lions-a-jacques-zoua-toujours-coince-a-linfirmerie\/","title":{"rendered":"Cameroun \u2013 Lions A\u2019: Jacques Zoua toujours coinc\u00e9 \u00e0 l\u2019infirmerie"},"content":{"rendered":"<div readability=\"32\">\n<p>Publi\u00e9 le 25.01.2021 \u00e0 19h58 par Christian Djimadeu<\/p>\n<\/div>\n<div readability=\"61\">\n<h2 class=\"c6\">L\u2019attaquant des Lions A\u2019 ne s\u2019est toujours pas encore remis de sa douleur musculaire \u00e0 la cuisse. Il a \u00e9t\u00e9 absent pour la deuxi\u00e8me fois hier \u00a0contre le Burkina Faso.<\/h2>\n<p class=\"c7\"><strong>Jacques Zoua<\/strong> disputera-t-il les quarts de la finale du Chan 2020\u00a0? Le staff m\u00e9dical s\u2019emploie \u00e0 ce qu\u2019il soit de retour le 30 janvier prochain au stade Japoma de Douala.<\/p>\n<p class=\"c7\">Atteint d\u2019une douleur musculaire \u00e0 la cuisse contract\u00e9e \u00e0 la veille du second match contre le Mali,\u00a0 l\u2019attaquant compte d\u00e9sormais deux matchs non disput\u00e9s.<\/p>\n<p class=\"c7\">\u00a0\u00ab\u00a0<em>Vous constatez qu\u2019il a encore un bandage au niveau de la cuisse, il est suivi par le m\u00e9decin. Au regard de l\u2019intensit\u00e9 du match contre le Burkina, j\u2019ai pas voulu l\u2019exposer parce que le rythme \u00e9tait tr\u00e8s \u00e9lev\u00e9. J\u2019ai pr\u00e9f\u00e9r\u00e9 qu\u2019il suive les soins. Il n\u2019y a pas un probl\u00e8me Zoua dans l\u2019\u00e9quipe<\/em> \u00bb, rassure le s\u00e9lectionneur <strong>Martin Ndtoungou<\/strong>.<\/p>\n<p class=\"c7\">Durant la conf\u00e9rence d\u2019avant-match, Jacques \u00e9tait pourtant apparu motiv\u00e9, pr\u00eat \u00e0 donner le meilleur de lui contre les <strong>Etalons<\/strong>.\u00a0Raison pour laquelle son absence dans le 11 a intrigu\u00e9 la presse et les fans des Lions.<\/p>\n<p class=\"c7\">Le joueur d\u00e9ment les rumeurs selon laquelle il est victime d\u2019une r\u00e9clamation des primes. \u00ab\u00a0<em>Il n\u2019en a jamais \u00e9t\u00e9 question. Tout ce qui nous int\u00e9resse c\u2019est d\u2019aller le plus loin possible, de tout donner dans le stade\u00a0<\/em>\u00bb.<\/p>\n<p class=\"c7\">Le Cameroun, deuxi\u00e8me de la poule A avec 5 points va croiser le premier du groupe B le 30 janvier \u00e0 Douala. Une rencontre d\u00e9cisive o\u00f9 l\u2019ancien buteur du FC Bales en Suisse est attendue pour insuffler le succ\u00e8s au compartiment offensif qui n\u2019a pas encore inscrit de but.<\/p>\n<\/div>\n<p>Auteur: Christian DJIMADEU<br \/>\n<a href=\"https:\/\/www.journalducameroun.com\/cameroun-lions-a-jacques-zoua-toujours-coince-a-linfirmerie\/\">Cliquez ici pour lire l&rsquo;article depuis sa source.<\/a><\/p>\n","protected":false},"excerpt":{"rendered":"<p>Publi\u00e9 le 25.01.2021 \u00e0 19h58 par Christian Djimadeu L\u2019attaquant des Lions A\u2019 ne s\u2019est toujours pas encore remis de sa douleur musculaire \u00e0 la cuisse. Il a \u00e9t\u00e9 absent pour la deuxi\u00e8me fois hier \u00a0contre le Burkina Faso. Jacques Zoua disputera-t-il les quarts de la finale du Chan 2020\u00a0? Le staff m\u00e9dical s\u2019emploie \u00e0 ce [&hellip;]<\/p>\n","protected":false},"author":1965,"featured_media":0,"comment_status":"closed","ping_status":"closed","sticky":false,"template":"","format":"standard","meta":{"fifu_image_url":"","fifu_image_alt":"","footnotes":""},"categories":[73,82],"tags":[],"class_list":["post-109987","post","type-post","status-publish","format-standard","hentry","category-actualite","category-cameroun"],"_links":{"self":[{"href":"https:\/\/linitiative.ca\/International\/wp-json\/wp\/v2\/posts\/109987","targetHints":{"allow":["GET"]}}],"collection":[{"href":"https:\/\/linitiative.ca\/International\/wp-json\/wp\/v2\/posts"}],"about":[{"href":"https:\/\/linitiative.ca\/International\/wp-json\/wp\/v2\/types\/post"}],"author":[{"embeddable":true,"href":"https:\/\/linitiative.ca\/International\/wp-json\/wp\/v2\/users\/1965"}],"replies":[{"embeddable":true,"href":"https:\/\/linitiative.ca\/International\/wp-json\/wp\/v2\/comments?post=109987"}],"version-history":[{"count":0,"href":"https:\/\/linitiative.ca\/International\/wp-json\/wp\/v2\/posts\/109987\/revisions"}],"wp:attachment":[{"href":"https:\/\/linitiative.ca\/International\/wp-json\/wp\/v2\/media?parent=109987"}],"wp:term":[{"taxonomy":"category","embeddable":true,"href":"https:\/\/linitiative.ca\/International\/wp-json\/wp\/v2\/categories?post=109987"},{"taxonomy":"post_tag","embeddable":true,"href":"https:\/\/linitiative.ca\/International\/wp-json\/wp\/v2\/tags?post=109987"}],"curies":[{"name":"wp","href":"https:\/\/api.w.org\/{rel}","templated":true}]}}