{"id":109988,"date":"2021-01-25T14:36:26","date_gmt":"2021-01-25T19:36:26","guid":{"rendered":"https:\/\/linitiative.ca\/International\/recrutement-dans-larmee-le-ministre-de-la-defense-met-en-garde-les-candidats-qui-veulent-baisser-leur-age\/"},"modified":"2021-01-25T14:36:26","modified_gmt":"2021-01-25T19:36:26","slug":"recrutement-dans-larmee-le-ministre-de-la-defense-met-en-garde-les-candidats-qui-veulent-baisser-leur-age","status":"publish","type":"post","link":"https:\/\/linitiative.ca\/International\/recrutement-dans-larmee-le-ministre-de-la-defense-met-en-garde-les-candidats-qui-veulent-baisser-leur-age\/","title":{"rendered":"Recrutement dans l\u2019arm\u00e9e : le ministre de la D\u00e9fense met en garde les candidats qui veulent baisser leur \u00e2ge"},"content":{"rendered":"<div readability=\"32\">\n<p>Publi\u00e9 le 25.01.2021 \u00e0 20h36 par JournalduCameroun.com<\/p>\n<\/div>\n<div readability=\"56\">\n<h2 class=\"c6\">De nombreux candidats veulent paraitre plus jeunes sur leurs documents de candidature.<\/h2>\n<p class=\"c7\">Le ministre de la D\u00e9fense (Mindef) du <strong>Cameroun<\/strong> se veut ferme\u00a0: <em>\u00ab\u2009[ces] demandes, d\u2019o\u00f9 qu\u2019elles viennent, sont vou\u00e9es au classement pur et simple\u2009\u00bb<\/em>. Cet avertissement est contenu dans communiqu\u00e9 de ce 25\u00a0janvier 2021 sign\u00e9 du ministre Joseph Beti Assomo.<\/p>\n<p class=\"c7\">La sortie du Mindef fait suite \u00e0 un constat, tel que relev\u00e9 dans ledit communiqu\u00e9\u00a0:\u00a0<em>\u00ab\u2009depuis la r\u00e9cente publication des avis d\u2019ouverture des concours et recrutements des \u00e9l\u00e8ves officiers, sous-officiers et militaires du rang au titre de l\u2019ann\u00e9e\u00a02021, ses services et ceux des Secteurs militaires sont inond\u00e9s de demandes de dispenses d\u2019\u00e2ge par des candidats ayant d\u00e9pass\u00e9 les divers \u00e2ges\u2009\u00bb<\/em>.<\/p>\n<p class=\"c7\">Pour cela, <em>\u00ab\u2009aucun dossier irr\u00e9gulier ne sera du reste enregistr\u00e9 ni aux services centraux ni aux postes de commandement des secteurs militaires des 10\u00a0r\u00e9gions<\/em>\u2009\u00bb. De plus, le <strong>ministre de la D\u00e9fense<\/strong> attire l\u2019attention des candidats contre des <em>\u00ab\u2009quidams qui tentent d\u00e9j\u00e0 d\u2019escroquer au d\u2019arnaquer les postulants en pr\u00e9tendants jouer les facilitateurs de ses services\u2009\u00bb<\/em>.<\/p>\n<p class=\"c7\">Le 13\u00a0janvier dernier, le minist\u00e8re de la D\u00e9fense a annonc\u00e9 le recrutement de plus de 6000\u00a0jeunes. Courant\u00a02020, un recrutement dans les forces sp\u00e9ciales.<\/p>\n<\/div>\n<p>Auteur: Ludovic Amara<br \/>\n<a href=\"https:\/\/www.journalducameroun.com\/recrutement-dans-larmee-le-ministre-de-la-defense-met-en-garde-les-candidats-qui-veulent-baisser-leur-age-cameroun\/\">Cliquez ici pour lire l&rsquo;article depuis sa source.<\/a><\/p>\n","protected":false},"excerpt":{"rendered":"<p>Publi\u00e9 le 25.01.2021 \u00e0 20h36 par JournalduCameroun.com De nombreux candidats veulent paraitre plus jeunes sur leurs documents de candidature. Le ministre de la D\u00e9fense (Mindef) du Cameroun se veut ferme\u00a0: \u00ab\u2009[ces] demandes, d\u2019o\u00f9 qu\u2019elles viennent, sont vou\u00e9es au classement pur et simple\u2009\u00bb. Cet avertissement est contenu dans communiqu\u00e9 de ce 25\u00a0janvier 2021 sign\u00e9 du ministre [&hellip;]<\/p>\n","protected":false},"author":1965,"featured_media":0,"comment_status":"closed","ping_status":"closed","sticky":false,"template":"","format":"standard","meta":{"fifu_image_url":"","fifu_image_alt":"","footnotes":""},"categories":[73,82],"tags":[],"class_list":["post-109988","post","type-post","status-publish","format-standard","hentry","category-actualite","category-cameroun"],"_links":{"self":[{"href":"https:\/\/linitiative.ca\/International\/wp-json\/wp\/v2\/posts\/109988","targetHints":{"allow":["GET"]}}],"collection":[{"href":"https:\/\/linitiative.ca\/International\/wp-json\/wp\/v2\/posts"}],"about":[{"href":"https:\/\/linitiative.ca\/International\/wp-json\/wp\/v2\/types\/post"}],"author":[{"embeddable":true,"href":"https:\/\/linitiative.ca\/International\/wp-json\/wp\/v2\/users\/1965"}],"replies":[{"embeddable":true,"href":"https:\/\/linitiative.ca\/International\/wp-json\/wp\/v2\/comments?post=109988"}],"version-history":[{"count":0,"href":"https:\/\/linitiative.ca\/International\/wp-json\/wp\/v2\/posts\/109988\/revisions"}],"wp:attachment":[{"href":"https:\/\/linitiative.ca\/International\/wp-json\/wp\/v2\/media?parent=109988"}],"wp:term":[{"taxonomy":"category","embeddable":true,"href":"https:\/\/linitiative.ca\/International\/wp-json\/wp\/v2\/categories?post=109988"},{"taxonomy":"post_tag","embeddable":true,"href":"https:\/\/linitiative.ca\/International\/wp-json\/wp\/v2\/tags?post=109988"}],"curies":[{"name":"wp","href":"https:\/\/api.w.org\/{rel}","templated":true}]}}