{"id":109992,"date":"2021-01-25T17:56:12","date_gmt":"2021-01-25T22:56:12","guid":{"rendered":"https:\/\/linitiative.ca\/International\/chan-total-2020-le-mali-termine-leader-de-la-poule-a\/"},"modified":"2021-01-25T17:56:12","modified_gmt":"2021-01-25T22:56:12","slug":"chan-total-2020-le-mali-termine-leader-de-la-poule-a","status":"publish","type":"post","link":"https:\/\/linitiative.ca\/International\/chan-total-2020-le-mali-termine-leader-de-la-poule-a\/","title":{"rendered":"CHAN TOTAL 2020 : le Mali termine leader de la poule A"},"content":{"rendered":"<div class=\"featured-area featured-area-inner\">\n<p><img loading=\"lazy\" decoding=\"async\" width=\"780\" height=\"470\" src=\"https:\/\/ecomatin.net\/wp-content\/uploads\/2021\/01\/Coach-Mali-780x470.jpg\" class=\"attachment-jannah-image-post size-jannah-image-post wp-post-image\" alt=\"\" is_main_img=\"1\"\/><\/p>\n<\/div>\n<div class=\"entry-content entry clearfix\" readability=\"46\">\n<p>Oppos\u00e9 aux Zimbabw\u00e9ens d\u00e9j\u00e0 sortis de la comp\u00e9tition, \u00a0dimanche au Stade de Japoma pour le compte de la troisi\u00e8me journ\u00e9e du CHAN TOTAL 2020, dans le groupe A, le Mali a assur\u00e9 l\u2019essentiel en s\u2019imposant sur le score d\u2019un but \u00e0 0. L\u2019unique but de la partie sign\u00e9 Demba Diallo est intervenu \u00e0 la 12<sup>\u00e8me<\/sup>\u00a0minute de la rencontre. A d\u00e9faut d\u2019alourdir le score, les Aigles A\u2019 qui se sont ensuite heurt\u00e9s \u00e0 une solide r\u00e9sistance de la d\u00e9fense zimbabw\u00e9enne ont n\u00e9anmoins maintenu leur courte avance jusqu\u2019au coup de sifflet final. Gr\u00e2ce \u00e0 ce succ\u00e8s, Samake Diane et ses poulains terminent en t\u00eate du groupe A avec 7 points, le Cameroun (5 points) ayant \u00e9t\u00e9 tenu en \u00e9chec au Stade Omnisports de Yaound\u00e9 par le Burkina Faso (0-0).<\/p>\n<p>Les Maliens retourneront \u00e0 Yaound\u00e9 pour attendre le deuxi\u00e8me du groupe B qui livrera son verdict ce lundi 25 janvier 2021 au terme des rencontres Libye-Congo et RDC-Niger. Le Cameroun lui, sera re\u00e7u au Stade de Japoma par le leader du groupe B.\u00a0<\/p>\n<\/div>\n<p>Auteur: Eco Matin<br \/>\n<a href=\"https:\/\/ecomatin.net\/chan-total-2020-le-mali-termine-leader-de-la-poule-a\/\">Cliquez ici pour lire l&rsquo;article depuis sa source.<\/a><\/p>\n","protected":false},"excerpt":{"rendered":"<p>Oppos\u00e9 aux Zimbabw\u00e9ens d\u00e9j\u00e0 sortis de la comp\u00e9tition, \u00a0dimanche au Stade de Japoma pour le compte de la troisi\u00e8me journ\u00e9e du CHAN TOTAL 2020, dans le groupe A, le Mali a assur\u00e9 l\u2019essentiel en s\u2019imposant sur le score d\u2019un but \u00e0 0. L\u2019unique but de la partie sign\u00e9 Demba Diallo est intervenu \u00e0 la 12\u00e8me\u00a0minute [&hellip;]<\/p>\n","protected":false},"author":1969,"featured_media":0,"comment_status":"closed","ping_status":"closed","sticky":false,"template":"","format":"standard","meta":{"fifu_image_url":"https:\/\/ecomatin.net\/wp-content\/uploads\/2021\/01\/Coach-Mali-780x470.jpg","fifu_image_alt":"CHAN TOTAL 2020 : le Mali termine leader de la poule A","footnotes":""},"categories":[82,78],"tags":[],"class_list":["post-109992","post","type-post","status-publish","format-standard","hentry","category-cameroun","category-economie"],"_links":{"self":[{"href":"https:\/\/linitiative.ca\/International\/wp-json\/wp\/v2\/posts\/109992","targetHints":{"allow":["GET"]}}],"collection":[{"href":"https:\/\/linitiative.ca\/International\/wp-json\/wp\/v2\/posts"}],"about":[{"href":"https:\/\/linitiative.ca\/International\/wp-json\/wp\/v2\/types\/post"}],"author":[{"embeddable":true,"href":"https:\/\/linitiative.ca\/International\/wp-json\/wp\/v2\/users\/1969"}],"replies":[{"embeddable":true,"href":"https:\/\/linitiative.ca\/International\/wp-json\/wp\/v2\/comments?post=109992"}],"version-history":[{"count":0,"href":"https:\/\/linitiative.ca\/International\/wp-json\/wp\/v2\/posts\/109992\/revisions"}],"wp:attachment":[{"href":"https:\/\/linitiative.ca\/International\/wp-json\/wp\/v2\/media?parent=109992"}],"wp:term":[{"taxonomy":"category","embeddable":true,"href":"https:\/\/linitiative.ca\/International\/wp-json\/wp\/v2\/categories?post=109992"},{"taxonomy":"post_tag","embeddable":true,"href":"https:\/\/linitiative.ca\/International\/wp-json\/wp\/v2\/tags?post=109992"}],"curies":[{"name":"wp","href":"https:\/\/api.w.org\/{rel}","templated":true}]}}