{"id":110000,"date":"2021-01-26T09:50:47","date_gmt":"2021-01-26T14:50:47","guid":{"rendered":"https:\/\/linitiative.ca\/International\/%ef%bb%bfles-lions-de-latlas-continuent-de-rugir-dans-larene-de-la-liga\/"},"modified":"2021-01-26T09:50:47","modified_gmt":"2021-01-26T14:50:47","slug":"%ef%bb%bfles-lions-de-latlas-continuent-de-rugir-dans-larene-de-la-liga","status":"publish","type":"post","link":"https:\/\/linitiative.ca\/International\/%ef%bb%bfles-lions-de-latlas-continuent-de-rugir-dans-larene-de-la-liga\/","title":{"rendered":"\ufeffLes Lions de l\u2019Atlas continuent de rugir dans l\u2019ar\u00e8ne de la Liga"},"content":{"rendered":"<p class=\"c2\"><strong>De Larbi Ben Mbarek \u00e0 En-Nesyri<\/strong><\/p>\n<p class=\"c3\"><strong>Par Omar Chlih-MAP<\/strong><\/p>\n<p><strong>Les performances remarquables que signe actuellement l\u2019international marocain Youssef En-Nesyri en Liga ont remis au-devant de la sc\u00e8ne l\u2019histoire des Lions de l\u2019Atlas depuis les d\u00e9buts du championnat espagnol \u00e0 travers de grandes stars, \u00e0 l\u2019instar de la Perle Noire Larbi Ben Mbarek avec l\u2019Atl\u00e9tico Madrid, Abdellah El Antaki (Malaga) et le gardien de but Badou Zaki avec Majorque et dont l\u2019h\u00e9ritage est perp\u00e9tu\u00e9 par les talentueux Yassine Bounou et Youssef En-Nesyri.<\/strong><\/p>\n<p>Les contributions des internationaux marocains ont \u00e9t\u00e9 par ailleurs soulign\u00e9es par la Liga, l\u2019instance dirigeante du football espagnol, dans une vid\u00e9o publi\u00e9e en aout dernier sur son compte Twitter sous le titre \u00ab\u00a0Une v\u00e9rit\u00e9 incontournable : les stars marocaines ont honor\u00e9 l\u2019histoire du football arabe et africain en Liga\u00a0\u00bb qui retrace en 3min 54 sec les performances des internationaux marocains dans le tournoi espagnol de football.<\/p>\n<p>Les chapitres de l\u2019histoire rayonnante des marocains en Liga ont \u00e9t\u00e9 \u00e9crits par la Perle Noire Larbi Ben Mbarek qui avait \u00e9volu\u00e9 au sein de l\u2019Atl\u00e9tico Madrid lors de l\u2019une de ses meilleures exp\u00e9riences dans son parcours footballistique professionnel en 1949 en \u00e9tant une force de frappe offensive qui a contribu\u00e9 au sacre des Colchoneros du titre de champions en 1951 et 1952, en plus de la Coupe du Roi en 1951. Ben Mbarek a inscrit 56 buts lors de 113 matchs r\u00e9partis sur 5 saisons avant de retourner en France en 1953.<\/p>\n<p>Apr\u00e8s Larbi Ben Mbarek, l\u2019international marocain, Abdellah El Antaki, alias Malaga, a rejoint en 1956 le FC Grenade en provenance du Stade Marocain, o\u00f9 il a jou\u00e9 3 saisons, avant de jouer pour Malaga en 1959 et pendant 13 ans avant de devenir formateur au sein du club espagnol qui, dans un geste de reconnaissance de ses contributions, a donn\u00e9 son nom \u00e0 l\u2019une des principales portes du stade du club \u00ab\u00a0La Rosaleda\u00a0\u00bb.<\/p>\n<p>La pr\u00e9sence marocaine en Liga s\u2019est illustr\u00e9e au cours des ann\u00e9es 80 avec une g\u00e9n\u00e9ration men\u00e9e par le gardien Badou Zaki qui a \u00e9volu\u00e9 au sein du Real Majorque et avec lequel il a sign\u00e9 de bons r\u00e9sultats, en particulier la qualification \u00e0 la finale de la Coupe d\u2019Espagne pour la premi\u00e8re fois dans l\u2019histoire du club en 1990. Son nom a \u00e9galement brill\u00e9 en tant que capitaine de l\u2019\u00e9quipe avec ses arr\u00eats de plusieurs penalty tir\u00e9s par des joueurs de renom comme Roland Koman, et a \u00e9t\u00e9 d\u00e9sign\u00e9 meilleur joueur \u00e9tranger dans le championnat espagnol en 1986-1987 avant de remporter le titre de meilleur gardien en 1986-1987, 1988-1989 et 1989-1990.<\/p>\n<p>Au terme de sa carri\u00e8re sportive en tant que gardien de but, le Real Majorque a d\u00e9cid\u00e9 en 1991 d\u2019\u00e9riger une statue de Zaki sur la belle \u00eele, en son honneur et en reconnaissance de ses efforts et de son \u00e9thique tout au long de sa carri\u00e8re sportive, en tant que joueur qui a marqu\u00e9 les meilleures p\u00e9riodes de l\u2019\u00e9quipe pendant six ans. Il est d\u00e9sormais consid\u00e9r\u00e9 comme l\u2019un des ambassadeurs du sport marocain qui a honor\u00e9 le football national.<\/p>\n<p>Le m\u00eame \u00e9clat a accompagn\u00e9 le parcours de la pierre angulaire de la d\u00e9fense de la Deportivo de La Coruna, l\u2019international marocain Noureddine Naybet. A partir de 1996, et durant huit saisons, Naybet a brill\u00e9 de mille feux avec 260 matchs \u00e0 son actif et 15 buts ainsi qu\u2019un sacre au championnat espagnol en 2000. Deux ans apr\u00e8s en Coupe d\u2019Espagne, il offre, avec ses compatriotes Mustapha Hadji et Salaheddine Bassir, une grande joie aux habitants de La Coruna, gravant ainsi leur nom dans l\u2019histoire du club et dans les c\u0153urs de ses supporters.<\/p>\n<p>Sous le signe de la continuit\u00e9, une nouvelle g\u00e9n\u00e9ration de joueurs reconnus ont pris le flambeau de leurs pr\u00e9d\u00e9cesseurs. Ils se nomment Moha El Yaacoubi, star d\u2019Osasuna, Nabil Baha, Nourredine Amrabet ou encore Mehdi Carcela, qui se sont c\u00f4toy\u00e9s \u00e0 diff\u00e9rentes p\u00e9riodes au sein de Malaga. A cette belle pl\u00e9iade de joueurs s\u2019ajoute Youssef El Arabi le buteur de Grenade entre 2013 et 2017, avec 35 buts en battant le record de la Porta (34) qu\u2019il d\u00e9tenait depuis 1975.<\/p>\n<p>Le duo Yassine Bounou (gardien de but), et Youssef En-Nesyri (attaquant) suscite actuellement l\u2019unanimit\u00e9 des analystes sportifs espagnols comme les deux cartes gagnantes entre les mains de l\u2019entra\u00eeneur du FC S\u00e9ville, Julen Lopetegui. Bounou a sign\u00e9 une performance exceptionnelle lors de la saison pr\u00e9c\u00e9dente en devenant l\u2019un des architectes du 6 e sacre du FC S\u00e9ville en Ligue Europa. De son c\u00f4t\u00e9, En-Nesyri m\u00e8ne son club pour r\u00e9colter de bons r\u00e9sultats. Au terme de la 20 e journ\u00e9e de la Liga, l\u2019international marocain s\u2019impose meilleur buteur avec 12 buts, d\u00e9passant d\u2019un but Louis Suarez, attaquant de l\u2019Atl\u00e9tico Madrid, et Leo Messi, star du FC Barcelone, en plus de 4 r\u00e9alisations inscrites en Ligue des champions dans laquelle le club andalous va \u00e9volu\u00e9 en 8es de finale.<\/p>\n<p>Les qualit\u00e9s offensives et le talent d\u2019En-Nesyri au cours de cette saison, et dans les diff\u00e9rentes comp\u00e9titions, l\u2019ont mis dans le viseur de plusieurs clubs europ\u00e9ens, en particuliers anglais, qui souhaitent s\u2019attacher ses services. Des informations en provenance d\u2019Angleterre avancent que la direction de West Ham a offert 30 millions d\u2019euros au FC S\u00e9ville pour recruter le buteur marocain, une offre que le club espagnol a d\u00e9clin\u00e9 pour l\u2019instant.<\/p>\n<p>Auteur: M&rsquo;hammed rahal<br \/>\n<a href=\"http:\/\/albayane.press.ma\/%EF%BB%BFles-lions-de-latlas-continuent-de-rugir-dans-larene-de-la-liga.html\">Cliquez ici pour lire l&rsquo;article depuis sa source.<\/a><\/p>\n","protected":false},"excerpt":{"rendered":"<p>De Larbi Ben Mbarek \u00e0 En-Nesyri Par Omar Chlih-MAP Les performances remarquables que signe actuellement l\u2019international marocain Youssef En-Nesyri en Liga ont remis au-devant de la sc\u00e8ne l\u2019histoire des Lions de l\u2019Atlas depuis les d\u00e9buts du championnat espagnol \u00e0 travers de grandes stars, \u00e0 l\u2019instar de la Perle Noire Larbi Ben Mbarek avec l\u2019Atl\u00e9tico Madrid, [&hellip;]<\/p>\n","protected":false},"author":1760,"featured_media":0,"comment_status":"closed","ping_status":"closed","sticky":false,"template":"","format":"standard","meta":{"fifu_image_url":"","fifu_image_alt":"","footnotes":""},"categories":[73,54],"tags":[],"class_list":["post-110000","post","type-post","status-publish","format-standard","hentry","category-actualite","category-maroc"],"_links":{"self":[{"href":"https:\/\/linitiative.ca\/International\/wp-json\/wp\/v2\/posts\/110000","targetHints":{"allow":["GET"]}}],"collection":[{"href":"https:\/\/linitiative.ca\/International\/wp-json\/wp\/v2\/posts"}],"about":[{"href":"https:\/\/linitiative.ca\/International\/wp-json\/wp\/v2\/types\/post"}],"author":[{"embeddable":true,"href":"https:\/\/linitiative.ca\/International\/wp-json\/wp\/v2\/users\/1760"}],"replies":[{"embeddable":true,"href":"https:\/\/linitiative.ca\/International\/wp-json\/wp\/v2\/comments?post=110000"}],"version-history":[{"count":0,"href":"https:\/\/linitiative.ca\/International\/wp-json\/wp\/v2\/posts\/110000\/revisions"}],"wp:attachment":[{"href":"https:\/\/linitiative.ca\/International\/wp-json\/wp\/v2\/media?parent=110000"}],"wp:term":[{"taxonomy":"category","embeddable":true,"href":"https:\/\/linitiative.ca\/International\/wp-json\/wp\/v2\/categories?post=110000"},{"taxonomy":"post_tag","embeddable":true,"href":"https:\/\/linitiative.ca\/International\/wp-json\/wp\/v2\/tags?post=110000"}],"curies":[{"name":"wp","href":"https:\/\/api.w.org\/{rel}","templated":true}]}}