{"id":110004,"date":"2021-01-26T02:52:08","date_gmt":"2021-01-26T07:52:08","guid":{"rendered":"https:\/\/linitiative.ca\/International\/climat-la-banque-africaine-de-developpement-fortement-impliquee-au-sommet-international-sur-ladaptation-au-changement-climatique\/"},"modified":"2021-01-26T02:52:08","modified_gmt":"2021-01-26T07:52:08","slug":"climat-la-banque-africaine-de-developpement-fortement-impliquee-au-sommet-international-sur-ladaptation-au-changement-climatique","status":"publish","type":"post","link":"https:\/\/linitiative.ca\/International\/climat-la-banque-africaine-de-developpement-fortement-impliquee-au-sommet-international-sur-ladaptation-au-changement-climatique\/","title":{"rendered":"Climat : la Banque africaine de d\u00e9veloppement fortement impliqu\u00e9e au Sommet international sur l\u2019adaptation au changement climatique"},"content":{"rendered":"<table class=\"c1\">\n<tbody>\n<tr>\n<td\/>\n<td><strong><em>Un sommet international sur l\u2019adaptation organis\u00e9 les 25 et 26 janvier<\/em><\/strong><\/td>\n<td>ABIDJAN, C\u00f4te d\u2019Ivoire, 25 janvier 2021\/ \u2014 Le pr\u00e9sident du Groupe de la Banque africaine de d\u00e9veloppement (<a href=\"http:\/\/www.afdb.org\/\" data-saferedirecturl=\"https:\/\/www.google.com\/url?q=http:\/\/www.AfDB.org&amp;source=gmail&amp;ust=1611732709206000&amp;usg=AFQjCNGHH5NK1FqqKZffbWtDSmwFRkFw7g\">www.AfDB.org<\/a>), Akinwumi A. Adesina, prendra une part active au Sommet international sur l\u2019adaptation au changement climatique qui s\u2019ouvre ce lundi 25 janvier.<\/p>\n<p>Le pr\u00e9sident de la Banque interviendra dans trois sessions, dont celle consacr\u00e9e au dialogue interminist\u00e9riel sur l\u2019adaptation globale au climat et une autre au dialogue avec l\u2019Afrique.<\/p>\n<p>Lors de ce sommet, qui se poursuivra le 26 janvier, Akinwumi A. Adesina participera \u00e9galement au dialogue avec les chefs d\u2019\u00c9tat et les autres dirigeants de la plan\u00e8te.<\/p>\n<p>Pour saluer son engagement en faveur de la finance climatique, la Banque a \u00e9t\u00e9 choisie en 2020 par les partenaires au d\u00e9veloppement pour abriter le Bureau r\u00e9gional pour l\u2019Afrique du Centre mondial sur l\u2019adaptation.<\/p>\n<p>Le pr\u00e9sident Adesina avait inaugur\u00e9 ce nouveau centre le 16 septembre 2020 en pr\u00e9sence des chefs d\u2019\u00c9tats africains et d\u2019autres personnalit\u00e9s \u00e9minentes, dont Ban Ki Moon, ancien secr\u00e9taire g\u00e9n\u00e9ral de l\u2019Onu, et Kristalina Georgieva, directrice g\u00e9n\u00e9rale du Fonds mon\u00e9taire international.<\/p>\n<p>Au lendemain de la Conf\u00e9rence des Nations unies pour le climat organis\u00e9 en 2015 \u00e0 Paris (COP 21), la Banque africaine de d\u00e9veloppement s\u2019est dot\u00e9e d\u2019un\u00a0<a href=\"https:\/\/www.afdb.org\/fileadmin\/uploads\/afdb\/Documents\/Publications\/BanqueAfricaineDeDeveloppement-PlanPourLesChangementsClimatiques2016-2020.pdf\" data-saferedirecturl=\"https:\/\/www.google.com\/url?q=https:\/\/www.afdb.org\/fileadmin\/uploads\/afdb\/Documents\/Publications\/BanqueAfricaineDeDeveloppement-PlanPourLesChangementsClimatiques2016-2020.pdf&amp;source=gmail&amp;ust=1611732709206000&amp;usg=AFQjCNFOEfqWOrXXd8nzme4jELXrzmbUxA\">Plan d\u2019action pour le climat pour la p\u00e9riode 2016-2020<\/a>\u00a0(<a href=\"https:\/\/bit.ly\/3nAPs9c\" data-saferedirecturl=\"https:\/\/www.google.com\/url?q=https:\/\/bit.ly\/3nAPs9c&amp;source=gmail&amp;ust=1611732709206000&amp;usg=AFQjCNHaPx7GebzTnJttYnTGz6vbqakkCA\">https:\/\/bit.ly\/3nAPs9c<\/a>)\u00a0qui accorde une grande priorit\u00e9 au renforcement de la r\u00e9silience climatique.<\/p>\n<p>Outre son engagement pour l\u2019adaptation, la Banque a consenti des efforts exceptionnels en faveur de la mobilisation de la finance climatique.<\/p>\n<p>Au cours des derni\u00e8res ann\u00e9es, les ressources de la Banque allou\u00e9es au financement de l\u2019adaptation au changement et \u00e0 la r\u00e9silience climatiques ont quintupl\u00e9,\u00a0<a href=\"https:\/\/www.afdb.org\/fr\/news-and-events\/press-releases\/la-banque-africaine-de-developpement-consacre-plus-du-tiers-de-ses-approbations-au-changement-climatique-en-2019-34691\" data-saferedirecturl=\"https:\/\/www.google.com\/url?q=https:\/\/www.afdb.org\/fr\/news-and-events\/press-releases\/la-banque-africaine-de-developpement-consacre-plus-du-tiers-de-ses-approbations-au-changement-climatique-en-2019-34691&amp;source=gmail&amp;ust=1611732709206000&amp;usg=AFQjCNF_qa3pj9LFirDhVpZR0Orlzi0S-w\">passant de 338 millions de dollars am\u00e9ricains en 2016 \u00e0 deux milliards de dollars en 2019<\/a>\u00a0(<a href=\"http:\/\/bit.ly\/2LnocOr\" data-saferedirecturl=\"https:\/\/www.google.com\/url?q=http:\/\/bit.ly\/2LnocOr&amp;source=gmail&amp;ust=1611732709206000&amp;usg=AFQjCNEpUMb5JdZPHizlDJ1HZuUtw9UMzA\">http:\/\/bit.ly\/2LnocOr<\/a>).<\/p>\n<p>Le pr\u00e9sident de la Banque africaine de d\u00e9veloppement, Akinwumi A. Adesina, a \u00e9t\u00e9 nomm\u00e9 \u00ab\u00a0champion\u00a0\u00bb de l\u2019initiative africaine de \u00ab\u00a0la Grande muraille verte\u00a0\u00bb (GGW), en marge de l\u2019\u00e9dition 2021 du \u00ab\u00a0One Planet Summit\u00a0\u00bb tenue le 11 janvier. Cette initiative\u00a0 regroupe onze pays allant du S\u00e9n\u00e9gal \u00e0 l\u2019Ouest \u00e0 Djibouti \u00e0 l\u2019Est.<\/p>\n<p>Organis\u00e9 \u00e0 l\u2019initiative des Pays-Bas et du Centre mondial pour l\u2019adaptation, le sommet des 25 et 26 janvier servira de cadre au lancement d\u2019un programme d\u2019action global sur l\u2019adaptation qui \u00e9noncera des engagements clairs permettant de mettre en \u0153uvre de nouveaux partenariats concrets capables de renforcer la r\u00e9silience de la plan\u00e8te au changement climatique.<\/p>\n<p><em>Distribu\u00e9 par\u00a0<a href=\"https:\/\/apo-opa.com\/\" data-saferedirecturl=\"https:\/\/www.google.com\/url?q=https:\/\/apo-opa.com&amp;source=gmail&amp;ust=1611732709206000&amp;usg=AFQjCNF8QWSQZl8yPw3yQI5sct_UNiIoiQ\">APO Group<\/a>\u00a0pour African Development Bank Group (AfDB).<\/em><\/p>\n<p><strong>SOURCE<\/strong><br \/>African Development Bank Group (AfDB)<\/p>\n<\/td>\n<\/tr>\n<\/tbody>\n<\/table>\n<div class=\"wp-post-author-wrap wp-post-author-shortcode left\">\n<h3 class=\"awpa-title\"\/>\n<div class=\"wp-post-author\">\n<div class=\"awpa-img awpa-author-block square\"><a href=\"http:\/\/lexpertjournal.net\/fr\/?author=5\"><img loading=\"lazy\" decoding=\"async\" alt=\"\" src=\"http:\/\/0.gravatar.com\/avatar\/97f8e10a1c1125ba104a76514ee07b16?s=150&amp;d=mm&amp;r=g\" srcset=\"http:\/\/0.gravatar.com\/avatar\/97f8e10a1c1125ba104a76514ee07b16?s=300&amp;d=mm&amp;r=g 2x\" class=\"avatar avatar-150 photo\" height=\"150\" width=\"150\"\/><\/a><\/div>\n<\/div>\n<\/div>\n<aside class=\"mashsb-container mashsb-main mashsb-stretched\">\n<\/aside>\n<p>Auteur: L&rsquo;expert<br \/>\n<a href=\"http:\/\/lexpertjournal.net\/fr\/?p=18318\">Cliquez ici pour lire l&rsquo;article depuis sa source.<\/a><\/p>\n","protected":false},"excerpt":{"rendered":"<p>Un sommet international sur l\u2019adaptation organis\u00e9 les 25 et 26 janvier ABIDJAN, C\u00f4te d\u2019Ivoire, 25 janvier 2021\/ \u2014 Le pr\u00e9sident du Groupe de la Banque africaine de d\u00e9veloppement (www.AfDB.org), Akinwumi A. Adesina, prendra une part active au Sommet international sur l\u2019adaptation au changement climatique qui s\u2019ouvre ce lundi 25 janvier. Le pr\u00e9sident de la Banque [&hellip;]<\/p>\n","protected":false},"author":1775,"featured_media":0,"comment_status":"closed","ping_status":"closed","sticky":false,"template":"","format":"standard","meta":{"fifu_image_url":"http:\/\/0.gravatar.com\/avatar\/97f8e10a1c1125ba104a76514ee07b16?s=150&d=mm&r=g","fifu_image_alt":"Climat : la Banque africaine de d\u00e9veloppement fortement impliqu\u00e9e au Sommet international sur l\u2019adaptation au changement climatique","footnotes":""},"categories":[78,55],"tags":[],"class_list":["post-110004","post","type-post","status-publish","format-standard","hentry","category-economie","category-tunisie"],"_links":{"self":[{"href":"https:\/\/linitiative.ca\/International\/wp-json\/wp\/v2\/posts\/110004","targetHints":{"allow":["GET"]}}],"collection":[{"href":"https:\/\/linitiative.ca\/International\/wp-json\/wp\/v2\/posts"}],"about":[{"href":"https:\/\/linitiative.ca\/International\/wp-json\/wp\/v2\/types\/post"}],"author":[{"embeddable":true,"href":"https:\/\/linitiative.ca\/International\/wp-json\/wp\/v2\/users\/1775"}],"replies":[{"embeddable":true,"href":"https:\/\/linitiative.ca\/International\/wp-json\/wp\/v2\/comments?post=110004"}],"version-history":[{"count":0,"href":"https:\/\/linitiative.ca\/International\/wp-json\/wp\/v2\/posts\/110004\/revisions"}],"wp:attachment":[{"href":"https:\/\/linitiative.ca\/International\/wp-json\/wp\/v2\/media?parent=110004"}],"wp:term":[{"taxonomy":"category","embeddable":true,"href":"https:\/\/linitiative.ca\/International\/wp-json\/wp\/v2\/categories?post=110004"},{"taxonomy":"post_tag","embeddable":true,"href":"https:\/\/linitiative.ca\/International\/wp-json\/wp\/v2\/tags?post=110004"}],"curies":[{"name":"wp","href":"https:\/\/api.w.org\/{rel}","templated":true}]}}