{"id":110005,"date":"2021-01-26T04:23:34","date_gmt":"2021-01-26T09:23:34","guid":{"rendered":"https:\/\/linitiative.ca\/International\/secteur-agricole-lugtt-annonce-une-greve-generale-les-26-et-27-janvier\/"},"modified":"2021-01-26T04:23:34","modified_gmt":"2021-01-26T09:23:34","slug":"secteur-agricole-lugtt-annonce-une-greve-generale-les-26-et-27-janvier","status":"publish","type":"post","link":"https:\/\/linitiative.ca\/International\/secteur-agricole-lugtt-annonce-une-greve-generale-les-26-et-27-janvier\/","title":{"rendered":"Secteur agricole : L\u2019UGTT annonce une gr\u00e8ve g\u00e9n\u00e9rale les 26 et 27 janvier"},"content":{"rendered":"<div class=\"td-post-content\">\n<p><strong><a href=\"https:\/\/www.facebook.com\/ugtt.page.officielle\/\" target=\"_blank\" rel=\"noopener noreferrer\">L\u2019Union G\u00e9n\u00e9rale Tunisienne du Travail<\/a>\u00a0(UGTT) a annonc\u00e9 aujourd\u2019hui une gr\u00e8ve g\u00e9n\u00e9rale dans le<a href=\"http:\/\/www.leconomistemaghrebin.com\/2020\/12\/11\/100-millions-euro-credits-agricole-tunisie\/\" target=\"_blank\" rel=\"noopener noreferrer\">\u00a0secteur agricole<\/a>. Et ce les 26 et 27 janvier 2021.<\/strong><\/p>\n<p>M.T<\/p>\n<\/div>\n<footer>\n<\/footer>\n<div class=\"wp-post-author-wrap wp-post-author-shortcode left\">\n<h3 class=\"awpa-title\"\/>\n<div class=\"wp-post-author\">\n<div class=\"awpa-img awpa-author-block square\"><a href=\"http:\/\/lexpertjournal.net\/fr\/?author=5\"><img loading=\"lazy\" decoding=\"async\" alt=\"\" src=\"http:\/\/0.gravatar.com\/avatar\/97f8e10a1c1125ba104a76514ee07b16?s=150&amp;d=mm&amp;r=g\" srcset=\"http:\/\/0.gravatar.com\/avatar\/97f8e10a1c1125ba104a76514ee07b16?s=300&amp;d=mm&amp;r=g 2x\" class=\"avatar avatar-150 photo\" height=\"150\" width=\"150\"\/><\/a><\/div>\n<\/div>\n<\/div>\n<aside class=\"mashsb-container mashsb-main mashsb-stretched\">\n<\/aside>\n<p>Auteur: L&rsquo;expert<br \/>\n<a href=\"http:\/\/lexpertjournal.net\/fr\/?p=18321\">Cliquez ici pour lire l&rsquo;article depuis sa source.<\/a><\/p>\n","protected":false},"excerpt":{"rendered":"<p>L\u2019Union G\u00e9n\u00e9rale Tunisienne du Travail\u00a0(UGTT) a annonc\u00e9 aujourd\u2019hui une gr\u00e8ve g\u00e9n\u00e9rale dans le\u00a0secteur agricole. Et ce les 26 et 27 janvier 2021. M.T Auteur: L&rsquo;expert Cliquez ici pour lire l&rsquo;article depuis sa source.<\/p>\n","protected":false},"author":1775,"featured_media":0,"comment_status":"closed","ping_status":"closed","sticky":false,"template":"","format":"standard","meta":{"fifu_image_url":"http:\/\/0.gravatar.com\/avatar\/97f8e10a1c1125ba104a76514ee07b16?s=150&d=mm&r=g","fifu_image_alt":"Secteur agricole : L\u2019UGTT annonce une gr\u00e8ve g\u00e9n\u00e9rale les 26 et 27 janvier","footnotes":""},"categories":[78,55],"tags":[],"class_list":["post-110005","post","type-post","status-publish","format-standard","hentry","category-economie","category-tunisie"],"_links":{"self":[{"href":"https:\/\/linitiative.ca\/International\/wp-json\/wp\/v2\/posts\/110005","targetHints":{"allow":["GET"]}}],"collection":[{"href":"https:\/\/linitiative.ca\/International\/wp-json\/wp\/v2\/posts"}],"about":[{"href":"https:\/\/linitiative.ca\/International\/wp-json\/wp\/v2\/types\/post"}],"author":[{"embeddable":true,"href":"https:\/\/linitiative.ca\/International\/wp-json\/wp\/v2\/users\/1775"}],"replies":[{"embeddable":true,"href":"https:\/\/linitiative.ca\/International\/wp-json\/wp\/v2\/comments?post=110005"}],"version-history":[{"count":0,"href":"https:\/\/linitiative.ca\/International\/wp-json\/wp\/v2\/posts\/110005\/revisions"}],"wp:attachment":[{"href":"https:\/\/linitiative.ca\/International\/wp-json\/wp\/v2\/media?parent=110005"}],"wp:term":[{"taxonomy":"category","embeddable":true,"href":"https:\/\/linitiative.ca\/International\/wp-json\/wp\/v2\/categories?post=110005"},{"taxonomy":"post_tag","embeddable":true,"href":"https:\/\/linitiative.ca\/International\/wp-json\/wp\/v2\/tags?post=110005"}],"curies":[{"name":"wp","href":"https:\/\/api.w.org\/{rel}","templated":true}]}}