{"id":110012,"date":"2021-01-25T11:55:51","date_gmt":"2021-01-25T16:55:51","guid":{"rendered":"https:\/\/linitiative.ca\/International\/tanger-lextension-du-grand-stade-lancee\/"},"modified":"2021-01-25T11:55:51","modified_gmt":"2021-01-25T16:55:51","slug":"tanger-lextension-du-grand-stade-lancee","status":"publish","type":"post","link":"https:\/\/linitiative.ca\/International\/tanger-lextension-du-grand-stade-lancee\/","title":{"rendered":"Tanger: L\u2019extension du Grand stade lanc\u00e9e"},"content":{"rendered":"<p class=\"rtejustify\">Promesses tenues. L\u2019extension de capacit\u00e9 du Grand stade de Tanger,\u00a0 annonc\u00e9e lors de la candidature du Maroc pour le mondial 2026, vient \u00e0 peine de d\u00e9marrer. Pourtant, l\u2019appel d\u2019offres pour le projet avait \u00e9t\u00e9 lanc\u00e9 en 2018.<\/p>\n<div class=\"dnd-atom-wrapper type-image context-sdl_editor_representation\" contenteditable=\"false\">\n<div class=\"dnd-drop-wrapper\">\n<div class=\"image\"><img loading=\"lazy\" decoding=\"async\" typeof=\"foaf:Image\" class=\"img-responsive\" src=\"https:\/\/www.leconomiste.com\/sites\/default\/files\/eco7\/public\/thumbnails\/image\/grand-stade-de-tangr-033.jpg\" width=\"660\" height=\"330\" alt=\"grand-stade-de-tangr-033.jpg\" title=\"grand-stade-de-tangr-033.jpg\"\/><\/div>\n<\/div>\n<div class=\"dnd-legend-wrapper\" contenteditable=\"true\" readability=\"6.5\">\n<div class=\"meta rtejustify\" readability=\"8\">\n<p>Le Grand Stade de Tanger comptera deux nouveaux gradins avec chacun 10.000 places suppl\u00e9mentaires<em> (Ph. Adam)<\/em><\/p>\n<\/div>\n<\/div>\n<\/div>\n<p class=\"rtejustify\">Lors de son inauguration en 2011, le b\u00e2timent comptait quelque 45.000 places. Gr\u00e2ce \u00e0 ce nouveau chantier, ce sont 20.000 places assises qui s\u2019ajoutent, principalement concentr\u00e9es sur les gradins Nord et Sud qui seront r\u00e9am\u00e9nag\u00e9s et rehauss\u00e9s. Cette mise \u00e0 niveau permettra, par la m\u00eame occasion, de r\u00e9duire l\u2019effet du vent sur le terrain, les bourrasques \u00e9tant tr\u00e8s importantes dans la r\u00e9gion.<\/p>\n<p class=\"rtejustify\">Des places suppl\u00e9mentaires mais aussi un relifting de certains espaces. Les travaux de rajeunissement seront men\u00e9s sur les buvettes, boutiques, kiosques, et sanitaires pour le public et personnes \u00e0 mobilit\u00e9 r\u00e9duite.<br \/>L\u2019investissement global est de 200 millions de DH indique le minist\u00e8re de l\u2019Equipement, en charge des travaux, dont 20 millions pour les \u00e9tudes.<br \/>La d\u00e9cision de l\u2019extension du stade avait \u00e9t\u00e9 d\u00e9cid\u00e9e par le comit\u00e9 marocain pour la candidature au Mondial 2026. Malgr\u00e9 que la candidature marocaine n\u2019a pas \u00e9t\u00e9 retenue, le programme d\u2019extension a, lui, \u00e9t\u00e9 maintenu.<\/p>\n<p class=\"rtejustify\">Le sch\u00e9ma propos\u00e9 par le Comit\u00e9 \u00e0 l\u2019\u00e9poque comprenait la tenue des demi-finales dans les stades de Tanger et de T\u00e9touan. Mais vu que le r\u00e8glement de la Fifa exige une capacit\u00e9 minimale de 60.000 places pour cette phase de l\u2019\u00e9v\u00e9nement sportif, le choix de l\u2019extension avait \u00e9t\u00e9 approuv\u00e9 pour le Grand stade de Tanger. Pour T\u00e9touan, le probl\u00e8me ne se posait pas. Le stade, encore en construction a pu int\u00e9grer la modification de la capacit\u00e9 dans ses plans.<\/p>\n<p class=\"rtejustify\">Pour rappel, le grand stade de Tanger est situ\u00e9 dans la p\u00e9riph\u00e9rie de la ville du c\u00f4t\u00e9 du grand quartier d\u2019Ibn Battouta. Il a accueilli de nombreuses comp\u00e9titions internationales m\u00e9morables dont la Supercoupe d&rsquo;Espagne 2018 ou encore le Troph\u00e9e des Champions 2017.<\/p>\n<p class=\"rtejustify\">Il est \u00e9quip\u00e9 d\u2019une pelouse en gazon naturel \u00abhautes prestations\u00bb capable de supporter plusieurs matchs en semaine, ce qui permettra de mieux rentabiliser les \u00e9quipements. L\u2019investissement global a \u00e9t\u00e9 d\u2019un milliard de DH enti\u00e8rement financ\u00e9 par le budget de l\u2019Etat.<\/p>\n<p class=\"rtejustify\"><em>De notre correspondant permanent, Ali ABJIOU<\/em><\/p>\n<p class=\"rtejustify\">\u00a0<\/p>\n<p>Auteur: hlafriqi<br \/>\n<a href=\"https:\/\/www.leconomiste.com\/article\/1072434-tanger-l-extension-du-grand-stade-lancee\">Cliquez ici pour lire l&rsquo;article depuis sa source.<\/a><\/p>\n","protected":false},"excerpt":{"rendered":"<p>Promesses tenues. L\u2019extension de capacit\u00e9 du Grand stade de Tanger,\u00a0 annonc\u00e9e lors de la candidature du Maroc pour le mondial 2026, vient \u00e0 peine de d\u00e9marrer. Pourtant, l\u2019appel d\u2019offres pour le projet avait \u00e9t\u00e9 lanc\u00e9 en 2018. Le Grand Stade de Tanger comptera deux nouveaux gradins avec chacun 10.000 places suppl\u00e9mentaires (Ph. Adam) Lors de [&hellip;]<\/p>\n","protected":false},"author":1763,"featured_media":0,"comment_status":"closed","ping_status":"closed","sticky":false,"template":"","format":"standard","meta":{"fifu_image_url":"https:\/\/www.leconomiste.com\/sites\/default\/files\/eco7\/public\/thumbnails\/image\/grand-stade-de-tangr-033.jpg","fifu_image_alt":"Tanger: L\u2019extension du Grand stade lanc\u00e9e","footnotes":""},"categories":[78,54],"tags":[],"class_list":["post-110012","post","type-post","status-publish","format-standard","hentry","category-economie","category-maroc"],"_links":{"self":[{"href":"https:\/\/linitiative.ca\/International\/wp-json\/wp\/v2\/posts\/110012","targetHints":{"allow":["GET"]}}],"collection":[{"href":"https:\/\/linitiative.ca\/International\/wp-json\/wp\/v2\/posts"}],"about":[{"href":"https:\/\/linitiative.ca\/International\/wp-json\/wp\/v2\/types\/post"}],"author":[{"embeddable":true,"href":"https:\/\/linitiative.ca\/International\/wp-json\/wp\/v2\/users\/1763"}],"replies":[{"embeddable":true,"href":"https:\/\/linitiative.ca\/International\/wp-json\/wp\/v2\/comments?post=110012"}],"version-history":[{"count":0,"href":"https:\/\/linitiative.ca\/International\/wp-json\/wp\/v2\/posts\/110012\/revisions"}],"wp:attachment":[{"href":"https:\/\/linitiative.ca\/International\/wp-json\/wp\/v2\/media?parent=110012"}],"wp:term":[{"taxonomy":"category","embeddable":true,"href":"https:\/\/linitiative.ca\/International\/wp-json\/wp\/v2\/categories?post=110012"},{"taxonomy":"post_tag","embeddable":true,"href":"https:\/\/linitiative.ca\/International\/wp-json\/wp\/v2\/tags?post=110012"}],"curies":[{"name":"wp","href":"https:\/\/api.w.org\/{rel}","templated":true}]}}