{"id":110013,"date":"2021-01-25T12:00:01","date_gmt":"2021-01-25T17:00:01","guid":{"rendered":"https:\/\/linitiative.ca\/International\/rendez-vous\/"},"modified":"2021-01-25T12:00:01","modified_gmt":"2021-01-25T17:00:01","slug":"rendez-vous","status":"publish","type":"post","link":"https:\/\/linitiative.ca\/International\/rendez-vous\/","title":{"rendered":"Rendez-vous"},"content":{"rendered":"<p class=\"rtejustify\"><strong>\u2022 2e \u00e9dition des journ\u00e9es de l\u2019Oriental pour l\u2019environnement<\/strong><br \/>L\u2019ONG \u00abYes Green Maroc\u00bb reconduit ses Journ\u00e9es de l\u2019Oriental pour l\u2019environnement. La 2e \u00e9dition, pr\u00e9vue du 12 au 14 f\u00e9vrier 2021 sous format num\u00e9rique, sera consacr\u00e9e aux d\u00e9chets solides, \u00abune ressource vitale pour le d\u00e9veloppement durable\u00bb. Les meilleurs articles pr\u00e9sent\u00e9s lors de cette rencontre feront l\u2019objet d\u2019une publication dans une revue internationale index\u00e9e. Ils devront \u00eatre envoy\u00e9s avant le 31 janvier prochain.\u00a0 \u00a0<br \/>\u00a0<br \/><strong>\u2022 Un congr\u00e8s international autour de l\u2019inclusion sociale<\/strong><br \/>Le 5 mars prochain, le Laboratoire des sciences \u00e9conomiques et politiques publiques de l\u2019universit\u00e9 de K\u00e9nitra tient un colloque international en ligne, sous le th\u00e8me \u00abInclusion Sociale et D\u00e9veloppement: Quelles Politiques et Quelles Strat\u00e9gies?\u00bb. Les communications des chercheurs (maximum 15 pages), en arabe, fran\u00e7ais et anglais, peuvent \u00eatre soumises jusqu\u2019au 10 f\u00e9vrier 2021 (<a href=\"\/cdn-cgi\/l\/email-protection#681b0d1818281d011c46090b460509\"><span class=\"__cf_email__\" data-cfemail=\"196a7c6969596c706d37787a377478\">[email\u00a0protected]<\/span><\/a>, ou editorialexpress.com\/conference\/DBlechheb\/). Aucun frais n\u2019est appliqu\u00e9.<br \/>\u00a0<br \/><strong>\u2022 Rencontre sur l\u2019\u00e9valuation des politiques publiques<\/strong><br \/>Le laboratoire de l\u2019\u00e9conomie et management des organisations (universit\u00e9 de K\u00e9nitra) ambitionne de cr\u00e9er un cadre de r\u00e9flexion autour de l\u2019\u00e9valuation des politiques publiques. Il lance, \u00e0 cet effet, la 1\u00e8re \u00e9dition du Colloque International \u00ab Evaluation des politiques publiques: Constats, enjeux, m\u00e9thodes et techniques\u00bb, les 26 et 27 mars 2021. La r\u00e9ception des versions int\u00e9grales des papiers des participants est fix\u00e9e pour le 7 f\u00e9vrier. La participation est gratuite. Les meilleurs travaux seront prim\u00e9s. Les communications s\u00e9lectionn\u00e9es seront propos\u00e9es pour une publication dans une revue sp\u00e9cialis\u00e9e.<br \/>\u00a0<br \/><strong>\u2022 Produits du terroir: Appel \u00e0 communications de l\u2019ENCG Agadir<\/strong><br \/>La strat\u00e9gie de commercialisation des produits du terroir sera au c\u0153ur du colloque qui sera organis\u00e9 par l\u2019ENCG Agadir du 26 au 28 octobre 2021. Un appel \u00e0 communications a \u00e9t\u00e9 ouvert. La date limite pour la r\u00e9ception des intentions de communication a \u00e9t\u00e9 fix\u00e9e pour le 30 mars prochain. Le 30 juin, tous les textes doivent \u00eatre re\u00e7us. Les contributions, en fran\u00e7ais ou en anglais, peuvent \u00eatre envoy\u00e9es par mail (<a href=\"\/cdn-cgi\/l\/email-protection#385b57545457494d5d4c5d4a4a57514a0a080a08785f55595154165b5755\"><span class=\"__cf_email__\" data-cfemail=\"482b27242427393d2d3c2d3a3a27213a7a787a78082f25292124662b2725\">[email\u00a0protected]<\/span><\/a>). Les frais d\u2019inscription et de participation (d\u00e9jeuner et pause-caf\u00e9) sont de 1.500 DH pour les chercheurs professionnels, et de 700 DH pour les \u00e9tudiants.o<\/p>\n<p class=\"rtejustify\">\u00a0<\/p>\n<p>Auteur: hlafriqi<br \/>\n<a href=\"https:\/\/www.leconomiste.com\/article\/1072435-rendez-vous\">Cliquez ici pour lire l&rsquo;article depuis sa source.<\/a><\/p>\n","protected":false},"excerpt":{"rendered":"<p>\u2022 2e \u00e9dition des journ\u00e9es de l\u2019Oriental pour l\u2019environnementL\u2019ONG \u00abYes Green Maroc\u00bb reconduit ses Journ\u00e9es de l\u2019Oriental pour l\u2019environnement. La 2e \u00e9dition, pr\u00e9vue du 12 au 14 f\u00e9vrier 2021 sous format num\u00e9rique, sera consacr\u00e9e aux d\u00e9chets solides, \u00abune ressource vitale pour le d\u00e9veloppement durable\u00bb. Les meilleurs articles pr\u00e9sent\u00e9s lors de cette rencontre feront l\u2019objet d\u2019une [&hellip;]<\/p>\n","protected":false},"author":1763,"featured_media":0,"comment_status":"closed","ping_status":"closed","sticky":false,"template":"","format":"standard","meta":{"fifu_image_url":"","fifu_image_alt":"","footnotes":""},"categories":[78,54],"tags":[],"class_list":["post-110013","post","type-post","status-publish","format-standard","hentry","category-economie","category-maroc"],"_links":{"self":[{"href":"https:\/\/linitiative.ca\/International\/wp-json\/wp\/v2\/posts\/110013","targetHints":{"allow":["GET"]}}],"collection":[{"href":"https:\/\/linitiative.ca\/International\/wp-json\/wp\/v2\/posts"}],"about":[{"href":"https:\/\/linitiative.ca\/International\/wp-json\/wp\/v2\/types\/post"}],"author":[{"embeddable":true,"href":"https:\/\/linitiative.ca\/International\/wp-json\/wp\/v2\/users\/1763"}],"replies":[{"embeddable":true,"href":"https:\/\/linitiative.ca\/International\/wp-json\/wp\/v2\/comments?post=110013"}],"version-history":[{"count":0,"href":"https:\/\/linitiative.ca\/International\/wp-json\/wp\/v2\/posts\/110013\/revisions"}],"wp:attachment":[{"href":"https:\/\/linitiative.ca\/International\/wp-json\/wp\/v2\/media?parent=110013"}],"wp:term":[{"taxonomy":"category","embeddable":true,"href":"https:\/\/linitiative.ca\/International\/wp-json\/wp\/v2\/categories?post=110013"},{"taxonomy":"post_tag","embeddable":true,"href":"https:\/\/linitiative.ca\/International\/wp-json\/wp\/v2\/tags?post=110013"}],"curies":[{"name":"wp","href":"https:\/\/api.w.org\/{rel}","templated":true}]}}