{"id":110028,"date":"2021-01-26T05:00:00","date_gmt":"2021-01-26T10:00:00","guid":{"rendered":"https:\/\/linitiative.ca\/International\/la-premiere-session-du-cnes-nouveau-se-tiendra-en-fevrier\/"},"modified":"2021-01-26T05:00:00","modified_gmt":"2021-01-26T10:00:00","slug":"la-premiere-session-du-cnes-nouveau-se-tiendra-en-fevrier","status":"publish","type":"post","link":"https:\/\/linitiative.ca\/International\/la-premiere-session-du-cnes-nouveau-se-tiendra-en-fevrier\/","title":{"rendered":"La premi\u00e8re session du Cnes \u00abnouveau\u00bb se tiendra en f\u00e9vrier"},"content":{"rendered":"<div class=\"picture\"><img class=\"lazy\" data-original=\"\/data\/images\/article\/thumbs\/d-la-premiere-session-du-cnes-nouveau-se-tiendra-en-fevrier-4b8e1.jpg\"\/>\n<\/div>\n<p>Le grand chantier des r\u00e9formes auquel est confront\u00e9 le pays ne laisse gu\u00e8re plus d\u2019autre alternative que de proc\u00e9der \u00e0 la revue des attributions et missions, entre autres, des institutions charg\u00e9es de suivre et d\u2019\u00e9valuer \u00abla qualit\u00e9 de la d\u00e9cision publique\u00bb, tel le Conseil national \u00e9conomique, social et environnemental, la nouvelle d\u00e9nomination du Cnes.<br \/>D\u00e9sormais dot\u00e9 d\u2019un statut qui en fait \u00abune force de proposition, de contr\u00f4le et d\u2019\u00e9valuation de toutes les politiques publiques\u00bb, le Cnes pourra anticiper, surveiller et juger quant aux risques qu\u2019encourt le pays sur le plan \u00e9conomique, social et donc m\u00eame environnemental, expliquait son pr\u00e9sident, R\u00e9da Tir, hier lundi, lors de son passage \u00e0 la r\u00e9daction de la Cha\u00eene 3.<br \/>En fait, le \u00abnouveau\u00bb Cnes peut d\u00e9sormais jouir de son autonomie, ce que lui conf\u00e8re le d\u00e9cret pr\u00e9sidentiel sign\u00e9 le 6 janvier, pour juger de la \u00abqualit\u00e9 de la d\u00e9cision publique, l\u2019\u00e9valuation des d\u00e9cisions et la proposition de mesures\u00bb. Une autonomie, a pr\u00e9cis\u00e9 le pr\u00e9sident Tir, exig\u00e9e m\u00eame par les instances internationales et \u00e0 laquelle a r\u00e9pondu favorablement le premier magistrat du pays lors d\u2019une visioconf\u00e9rence avec l\u2019Organisation internationale du travail (OIT), l\u2019\u00e9t\u00e9 dernier. Le Cnes ne se r\u00e9unira plus sur d\u00e9cision du chef du gouvernement ou de quiconque.<br \/>Affranchi, il aura ainsi toute l\u2019autorit\u00e9 pour se r\u00e9unir en session et s\u2019offre toute latitude d\u2019initier de son propre chef ou contribuer aux \u00e9tudes ayant pour objectif d\u2019\u00e9valuer l\u2019action des pouvoirs publics destin\u00e9es \u00e0 l\u2019\u00e9conomie nationale et son d\u00e9veloppement, et ne plus se contenter donc du r\u00f4le qui a \u00e9t\u00e9 le sien, celui d\u2019interm\u00e9diaire entre les pouvoirs publics et les op\u00e9rateurs sociaux et \u00e9conomiques, pour ne pas dire de simple outil entre les mains de ceux qui avaient le pouvoir de d\u00e9cision, comme c\u2019\u00e9tait le cas dans un pass\u00e9 tr\u00e8s r\u00e9cent encore. Pour mener ses missions, et mettre ainsi en pratique son autonomie, le Cnes dispose d\u2019outils d\u2019investigation \u00absophistiqu\u00e9s\u00bb, selon son pr\u00e9sident. Dans l\u2019imm\u00e9diat, un portail, d\u00e9nomm\u00e9 Tahat, sera disponible et dans lequel seront expos\u00e9es toutes les donn\u00e9es macro et micro\u00e9conomiques du pays.<br \/>Le Cnes fera \u00e9galement dans la \u00absimulation \u00e9conomique\u00bb, en d\u00e9veloppant des outils sophistiqu\u00e9s, assure un R\u00e9da Tir tr\u00e8s prolixe sur ce que compte accomplir comme travail le Cnes qui, affirme-t-il, planche sur de nombreux chantiers de recommandations sur, entre autres, le march\u00e9 financier, comme par exemple comment capter l\u2019argent de l\u2019informel, et de nombreux th\u00e8mes encore pour lesquels ont \u00e9t\u00e9 retenues des recommandations, \u00e0 l&rsquo;exemple de la finance et du potentiel march\u00e9 aff\u00e9rent. \u00abOn doit aussi assurer et favoriser la concordance et le rapprochement entre les diff\u00e9rents acteurs \u00e9conomiques, sociaux et environnementaux et ce, en associant les partenaires de la soci\u00e9t\u00e9 civile, de sorte \u00e0 concourir \u00e0 l\u2019apaisement du climat \u00e9conomique et social\u00bb, a ajout\u00e9 R\u00e9da Tir dont l\u2019institution qu\u2019il pr\u00e9side remettra au pr\u00e9sident de la R\u00e9publique, au plus tard au d\u00e9but du second trimestre, le rapport annuel de conjoncture pour 2020, actuellement en phase d\u2019\u00e9laboration.<br \/>Ceci en plus du rapport sur l\u2019\u00e9tat de la Nation, consacr\u00e9 \u00e0 une \u00e9valuation des 10 derni\u00e8res ann\u00e9es, ainsi que des rapports semestriels de conjoncture. Jusque-l\u00e0, le Cnes a ficel\u00e9 cinq rapports mis \u00e0 la disposition du gouvernement dont les mesures \u00e0 court terme ont \u00e9t\u00e9 \u00e9valu\u00e9es.<br \/>En principe, c\u2019est le mois prochain que le Cnes tiendra sa premi\u00e8re session de la nouvelle \u00e8re. Elle devrait \u00eatre ouverte par le premier magistrat du pays, a confi\u00e9 R\u00e9da Tir.<br \/>Azedine Maktour<\/p>\n<p>Auteur:<br \/>\n<a href=\"https:\/\/www.lesoirdalgerie.com\/actualites\/la-premiere-session-du-cnes-nouveau-se-tiendra-en-fevrier-55299\">Cliquez ici pour lire l&rsquo;article depuis sa source.<\/a><\/p>\n","protected":false},"excerpt":{"rendered":"<p>Le grand chantier des r\u00e9formes auquel est confront\u00e9 le pays ne laisse gu\u00e8re plus d\u2019autre alternative que de proc\u00e9der \u00e0 la revue des attributions et missions, entre autres, des institutions charg\u00e9es de suivre et d\u2019\u00e9valuer \u00abla qualit\u00e9 de la d\u00e9cision publique\u00bb, tel le Conseil national \u00e9conomique, social et environnemental, la nouvelle d\u00e9nomination du Cnes.D\u00e9sormais dot\u00e9 [&hellip;]<\/p>\n","protected":false},"author":1741,"featured_media":0,"comment_status":"closed","ping_status":"closed","sticky":false,"template":"","format":"standard","meta":{"fifu_image_url":"","fifu_image_alt":"","footnotes":""},"categories":[73,53],"tags":[],"class_list":["post-110028","post","type-post","status-publish","format-standard","hentry","category-actualite","category-algerie"],"_links":{"self":[{"href":"https:\/\/linitiative.ca\/International\/wp-json\/wp\/v2\/posts\/110028","targetHints":{"allow":["GET"]}}],"collection":[{"href":"https:\/\/linitiative.ca\/International\/wp-json\/wp\/v2\/posts"}],"about":[{"href":"https:\/\/linitiative.ca\/International\/wp-json\/wp\/v2\/types\/post"}],"author":[{"embeddable":true,"href":"https:\/\/linitiative.ca\/International\/wp-json\/wp\/v2\/users\/1741"}],"replies":[{"embeddable":true,"href":"https:\/\/linitiative.ca\/International\/wp-json\/wp\/v2\/comments?post=110028"}],"version-history":[{"count":0,"href":"https:\/\/linitiative.ca\/International\/wp-json\/wp\/v2\/posts\/110028\/revisions"}],"wp:attachment":[{"href":"https:\/\/linitiative.ca\/International\/wp-json\/wp\/v2\/media?parent=110028"}],"wp:term":[{"taxonomy":"category","embeddable":true,"href":"https:\/\/linitiative.ca\/International\/wp-json\/wp\/v2\/categories?post=110028"},{"taxonomy":"post_tag","embeddable":true,"href":"https:\/\/linitiative.ca\/International\/wp-json\/wp\/v2\/tags?post=110028"}],"curies":[{"name":"wp","href":"https:\/\/api.w.org\/{rel}","templated":true}]}}