{"id":110031,"date":"2021-01-26T05:00:00","date_gmt":"2021-01-26T10:00:00","guid":{"rendered":"https:\/\/linitiative.ca\/International\/il-est-imperatif-de-maintenir-les-mesures-barrieres\/"},"modified":"2021-01-26T05:00:00","modified_gmt":"2021-01-26T10:00:00","slug":"il-est-imperatif-de-maintenir-les-mesures-barrieres","status":"publish","type":"post","link":"https:\/\/linitiative.ca\/International\/il-est-imperatif-de-maintenir-les-mesures-barrieres\/","title":{"rendered":"\u00abIl est imp\u00e9ratif de maintenir les mesures barri\u00e8res\u00bb"},"content":{"rendered":"<div class=\"picture\"><img class=\"lazy\" data-original=\"\/data\/images\/article\/thumbs\/d-il-est-imperatif-de-maintenir-les-mesures-barrieres-5720e.jpg\"\/>\n<\/div>\n<p>Pour le docteur Yousfi, chef de service des maladies infectieuses de l\u2019h\u00f4pital de Boufarik, la mission des professionnels de la sant\u00e9 consiste \u00e0 pr\u00e9sent en la sensibilisation, l\u2019information et \u00e0 rassurer les citoyens sur la campagne de vaccination contre la Covid-19. Mais aussi, il est question de maintenir les mesures barri\u00e8res afin de garantir la diminution de la gravit\u00e9 de la pand\u00e9mie.<br \/>Abdelhalim Benyell\u00e8s &#8211; Alger (Le Soir) &#8211; Pour l\u2019infectiologue, qui \u00e9tait hier lundi l\u2019invit\u00e9 du forum du Courrier d\u2019Alg\u00e9rie, rien ne filtre \u00e0 propos de l\u2019arriv\u00e9e du vaccin en Alg\u00e9rie.<br \/>\u00abLes professionnels, au m\u00eame titre que les citoyens, ignorent la date de lancement de la campagne de vaccination\u00bb, a-t-il affirm\u00e9.<br \/>Mais ce qui est s\u00fbr, selon lui, c\u2019est que le programme de vaccination est fin pr\u00eat au niveau des DSP qui assureront la coordination, en l\u2019occurrence les EPSP pour la vaccination des citoyens et les h\u00f4pitaux pour la vaccination du personnel soignant.<br \/>Mais peut-on dire que l\u2019Alg\u00e9rie est en retard en termes de vaccination ? Docteur Yousfi estime que ce qui est qualifi\u00e9 de retard est v\u00e9cu actuellement par la majorit\u00e9 des pays du monde. Mais en attendant, le chef de service des maladies infectieuses de l\u2019h\u00f4pital de Boufarik estime qu\u2019il est primordial de veiller au respect des mesures barri\u00e8res et au maintien de la fermeture des fronti\u00e8res.<br \/>L\u2019heure est au rapatriement des concitoyens mais avec le strict respect des tests de d\u00e9pistage afin d\u2019\u00e9viter tous les risques de contamination. Peut-on craindre un rebond \u00e9pid\u00e9mique dans les jours \u00e0 venir ? Le docteur Yousfi dira \u00e0 ce sujet qu\u2019il est possible d\u2019\u00e9viter une \u00e9ventuelle troisi\u00e8me vague gr\u00e2ce au strict respect des mesures barri\u00e8res. Et dans le m\u00eame sillage, il ajoutera que \u00abnous assistons \u00e0 pr\u00e9sent \u00e0 une situation d\u2019accalmie de la pand\u00e9mie puisque le taux d\u2019occupation des lits d\u2019h\u00f4pitaux est de l\u2019ordre de 30% seulement\u00bb.<br \/>La pand\u00e9mie de coronavirus a permis de tirer plusieurs enseignements quant \u00e0 la gestion du secteur de la sant\u00e9 en Alg\u00e9rie. Il est question de revoir, avant tout, la probl\u00e9matique de la gestion des ressources humaines, car c\u2019est l\u00e0 o\u00f9 r\u00e9sident les d\u00e9faillances du secteur de la sant\u00e9 publique en Alg\u00e9rie, affirme l\u2019invit\u00e9 du forum du Courrier d\u2019Alg\u00e9rie. L\u2019ordre du jour \u00e9tant de mettre en application les textes de loi de l\u2019exercice du m\u00e9tier de m\u00e9decin et envisager une politique de la sant\u00e9 qui reste, jusque-l\u00e0, inexistante, constate-t-il, enfin.<br \/>A. B.<\/p>\n<p>Auteur:<br \/>\n<a href=\"https:\/\/www.lesoirdalgerie.com\/actualites\/il-est-imperatif-de-maintenir-les-mesures-barrieres-55296\">Cliquez ici pour lire l&rsquo;article depuis sa source.<\/a><\/p>\n","protected":false},"excerpt":{"rendered":"<p>Pour le docteur Yousfi, chef de service des maladies infectieuses de l\u2019h\u00f4pital de Boufarik, la mission des professionnels de la sant\u00e9 consiste \u00e0 pr\u00e9sent en la sensibilisation, l\u2019information et \u00e0 rassurer les citoyens sur la campagne de vaccination contre la Covid-19. Mais aussi, il est question de maintenir les mesures barri\u00e8res afin de garantir la [&hellip;]<\/p>\n","protected":false},"author":1741,"featured_media":0,"comment_status":"closed","ping_status":"closed","sticky":false,"template":"","format":"standard","meta":{"fifu_image_url":"","fifu_image_alt":"","footnotes":""},"categories":[73,53],"tags":[],"class_list":["post-110031","post","type-post","status-publish","format-standard","hentry","category-actualite","category-algerie"],"_links":{"self":[{"href":"https:\/\/linitiative.ca\/International\/wp-json\/wp\/v2\/posts\/110031","targetHints":{"allow":["GET"]}}],"collection":[{"href":"https:\/\/linitiative.ca\/International\/wp-json\/wp\/v2\/posts"}],"about":[{"href":"https:\/\/linitiative.ca\/International\/wp-json\/wp\/v2\/types\/post"}],"author":[{"embeddable":true,"href":"https:\/\/linitiative.ca\/International\/wp-json\/wp\/v2\/users\/1741"}],"replies":[{"embeddable":true,"href":"https:\/\/linitiative.ca\/International\/wp-json\/wp\/v2\/comments?post=110031"}],"version-history":[{"count":0,"href":"https:\/\/linitiative.ca\/International\/wp-json\/wp\/v2\/posts\/110031\/revisions"}],"wp:attachment":[{"href":"https:\/\/linitiative.ca\/International\/wp-json\/wp\/v2\/media?parent=110031"}],"wp:term":[{"taxonomy":"category","embeddable":true,"href":"https:\/\/linitiative.ca\/International\/wp-json\/wp\/v2\/categories?post=110031"},{"taxonomy":"post_tag","embeddable":true,"href":"https:\/\/linitiative.ca\/International\/wp-json\/wp\/v2\/tags?post=110031"}],"curies":[{"name":"wp","href":"https:\/\/api.w.org\/{rel}","templated":true}]}}