{"id":110141,"date":"2021-01-28T07:14:40","date_gmt":"2021-01-28T12:14:40","guid":{"rendered":"https:\/\/linitiative.ca\/International\/bientot-des-normes-internationales-pour-les-creches-privees-et-publiques\/"},"modified":"2021-01-28T07:14:40","modified_gmt":"2021-01-28T12:14:40","slug":"bientot-des-normes-internationales-pour-les-creches-privees-et-publiques","status":"publish","type":"post","link":"https:\/\/linitiative.ca\/International\/bientot-des-normes-internationales-pour-les-creches-privees-et-publiques\/","title":{"rendered":"Bient\u00f4t des normes internationales pour les cr\u00e8ches priv\u00e9es et publiques"},"content":{"rendered":"<p><img decoding=\"async\" class=\"post_layout_5_img\" src=\"http:\/\/aujourdhui.ma\/wp-content\/uploads\/2021\/01\/Nurseries.jpg\" alt=\"Bient&#xF4;t des normes internationales pour les cr&#xE8;ches priv&#xE9;es et publiques\"\/><\/p>\n<p><span class=\"c5\"><strong>Une \u00e9tude vient d\u2019\u00eatre lanc\u00e9e en vue d\u2019\u00e9laborer un cahier des charges<\/strong><\/span><span id=\"more-366730\"\/><\/p>\n<p>Le d\u00e9veloppement du jeune enfant est fortement tributaire de la qualit\u00e9 de l\u2019environnement et des conditions dans lesquelles il \u00e9volue. C\u2019est dans ce contexte que le bureau de l\u2019Unicef au Maroc lance un appel \u00e0 consultation pour l\u2019\u00e9laboration d\u2019un cahier de charges \u00e0 l\u2019intention des cr\u00e8ches publiques et priv\u00e9es au Maroc, en vue d\u2019am\u00e9liorer la qualit\u00e9 d\u2019accueil dans ces structures. \u00abIl a \u00e9t\u00e9 convenu de d\u00e9velopper un cahier des charges qui \u00e9tablisse des normes standards minimums pour les \u00e9tablissements de prise en charge de la petite enfance, sous la tutelle du minist\u00e8re de la culture, de la jeunesse et des sports\u00bb, indique l\u2019Unicef au Maroc dans un document.<\/p>\n<p><span class=\"c6\"><strong>D\u00e9velopper un guide de formation et une \u00e9quipe de formateurs qualifi\u00e9s<\/strong><\/span><\/p>\n<p>Le cahier des charges visera, selon la m\u00eame source, \u00e0 expliciter les standards minimums de prise en charge, en termes d\u2019infrastructures et mat\u00e9riel (normes architecturales), de contenu d\u2019\u00e9veil et d\u2019apprentissage pour les cr\u00e8ches publiques et priv\u00e9es, englobant tous les aspects de formation du personnel, de s\u00e9curit\u00e9, hygi\u00e8ne et gestion, de mesures de protection de la petite enfance et des aspects de gouvernance de l\u2019ensemble des cr\u00e8ches prenant en charge les enfants de 3 mois \u00e0 4 ans. Conform\u00e9ment aux objectifs cit\u00e9s, la pr\u00e9sente \u00e9tude a pour objectif l\u2019\u00e9tablissement d\u2019un benchmark international des mod\u00e8les et standards de cr\u00e8ches publiques et priv\u00e9es existants au niveau de la r\u00e9gion MENA et d\u2019autres r\u00e9gions \u00e0 niveau de vie similaire. Selon la m\u00eame source, l\u2019\u00e9tude vise \u00e9galement \u00e0 \u00e9tablir un diagnostic de l\u2019existant et une cat\u00e9gorisation en termes d\u2019offre actuelle d\u00e9di\u00e9e aux cr\u00e8ches priv\u00e9es et publiques, en termes d\u2019infrastructures et approches p\u00e9dagogiques, de m\u00e9canismes de suivi et d\u2019accompagnement et de respect des normes \u00e9tablies.<\/p>\n<p>De plus, l\u2019\u00e9tude propose des recommandations quant aux m\u00e9canismes de suivi\/monitorage des cr\u00e8ches publiques et priv\u00e9es ainsi que des normes et des standards. De m\u00eame, elle a pour but d\u2019\u00e9tablir les normes minimales en termes de ressources humaines et personnel de prise en charge au sein des cr\u00e8ches et d\u00e9velopper un guide de formation et une \u00e9quipe de formateurs qualifi\u00e9s sur la base des normes et standards de qualit\u00e9 des \u00e9tablissements de la petite enfance.<\/p>\n<p><strong><span class=\"c6\">360 cr\u00e8ches priv\u00e9es autoris\u00e9es et environ 389 cr\u00e8ches\/garderies publiques<\/span><\/strong><\/p>\n<p>A ce jour, le Maroc compte environ 360 cr\u00e8ches priv\u00e9es autoris\u00e9es et environ 389 cr\u00e8ches\/garderies publiques, prenant en charge les enfants de 3 mois \u00e0 4 ans. L\u2019encadrement des \u00e9tablissements (jardins d\u2019enfants et classes de cr\u00e8ches) mobilise environ 1.011 membres du personnel, dont 842 auxiliaires. Le d\u00e9partement dispose \u00e0 ce jour d\u2019un cahier des charges \u00e9manant de la loi 04-40 explicitant la proc\u00e9dure d\u2019ouverture et de cr\u00e9ation des cr\u00e8ches priv\u00e9es dans le but d\u2019encourager les investisseurs et les accompagner dans leurs projets de cr\u00e9ation des cr\u00e8ches priv\u00e9es et encourager ainsi l\u2019employabilit\u00e9 des jeunes form\u00e9s dans le m\u00e9tier de la petite enfance.<\/p>\n<p>Auteur: Siham Jadraoui<br \/>\n<a href=\"https:\/\/aujourdhui.ma\/societe\/bientot-des-normes-internationales-pour-les-creches-privees-et-publiques\">Cliquez ici pour lire l&rsquo;article depuis sa source.<\/a><\/p>\n","protected":false},"excerpt":{"rendered":"<p>Une \u00e9tude vient d\u2019\u00eatre lanc\u00e9e en vue d\u2019\u00e9laborer un cahier des charges Le d\u00e9veloppement du jeune enfant est fortement tributaire de la qualit\u00e9 de l\u2019environnement et des conditions dans lesquelles il \u00e9volue. C\u2019est dans ce contexte que le bureau de l\u2019Unicef au Maroc lance un appel \u00e0 consultation pour l\u2019\u00e9laboration d\u2019un cahier de charges \u00e0 [&hellip;]<\/p>\n","protected":false},"author":1759,"featured_media":0,"comment_status":"closed","ping_status":"closed","sticky":false,"template":"","format":"standard","meta":{"fifu_image_url":"http:\/\/aujourdhui.ma\/wp-content\/uploads\/2021\/01\/Nurseries.jpg","fifu_image_alt":"Bient\u00f4t des normes internationales pour les cr\u00e8ches priv\u00e9es et publiques","footnotes":""},"categories":[73,54],"tags":[],"class_list":["post-110141","post","type-post","status-publish","format-standard","hentry","category-actualite","category-maroc"],"_links":{"self":[{"href":"https:\/\/linitiative.ca\/International\/wp-json\/wp\/v2\/posts\/110141","targetHints":{"allow":["GET"]}}],"collection":[{"href":"https:\/\/linitiative.ca\/International\/wp-json\/wp\/v2\/posts"}],"about":[{"href":"https:\/\/linitiative.ca\/International\/wp-json\/wp\/v2\/types\/post"}],"author":[{"embeddable":true,"href":"https:\/\/linitiative.ca\/International\/wp-json\/wp\/v2\/users\/1759"}],"replies":[{"embeddable":true,"href":"https:\/\/linitiative.ca\/International\/wp-json\/wp\/v2\/comments?post=110141"}],"version-history":[{"count":0,"href":"https:\/\/linitiative.ca\/International\/wp-json\/wp\/v2\/posts\/110141\/revisions"}],"wp:attachment":[{"href":"https:\/\/linitiative.ca\/International\/wp-json\/wp\/v2\/media?parent=110141"}],"wp:term":[{"taxonomy":"category","embeddable":true,"href":"https:\/\/linitiative.ca\/International\/wp-json\/wp\/v2\/categories?post=110141"},{"taxonomy":"post_tag","embeddable":true,"href":"https:\/\/linitiative.ca\/International\/wp-json\/wp\/v2\/tags?post=110141"}],"curies":[{"name":"wp","href":"https:\/\/api.w.org\/{rel}","templated":true}]}}