{"id":110144,"date":"2021-01-28T09:30:39","date_gmt":"2021-01-28T14:30:39","guid":{"rendered":"https:\/\/linitiative.ca\/International\/al-hoceima-le-commerce-local-sorganise-face-a-la-crise-sanitaire\/"},"modified":"2021-01-28T09:30:39","modified_gmt":"2021-01-28T14:30:39","slug":"al-hoceima-le-commerce-local-sorganise-face-a-la-crise-sanitaire","status":"publish","type":"post","link":"https:\/\/linitiative.ca\/International\/al-hoceima-le-commerce-local-sorganise-face-a-la-crise-sanitaire\/","title":{"rendered":"Al Hoceima : Le commerce local s\u2019organise face \u00e0 la crise sanitaire"},"content":{"rendered":"<header>\n<\/header>\n<div class=\"entry-content clearfix\" readability=\"67\"><img decoding=\"async\" class=\"post_layout_5_img\" src=\"http:\/\/aujourdhui.ma\/wp-content\/uploads\/2021\/01\/Al-Hoceima.jpg\" alt=\"Al Hoceima : Le commerce local s&#x2019;organise face &#xE0; la crise sanitaire\"\/><\/p>\n<p><span class=\"c5\"><strong>Des professionnels se sont regroup\u00e9s au sein d\u2019une nouvelle association<\/strong><\/span><span id=\"more-366780\"\/><\/p>\n<p>Depuis le d\u00e9but de la pand\u00e9mie de Covid-19, les commer\u00e7ants et les autorit\u00e9s locales \u00e0 Al Hoceima continuent de faire preuve d\u2019une grande mobilisation et de coordination afin de permettre au secteur de survivre \u00e0 cette crise sanitaire. A cet effet, des repr\u00e9sentants des diff\u00e9rents commerces viennent de se constituer en un nouveau groupement associatif, baptis\u00e9 \u00abAssociation des commer\u00e7ants du centre-ville d\u2019Al Hoceima\u00bb. En plus de l\u2019appel aux autorit\u00e9s \u00e0 plus de soutien, ils ont encourag\u00e9 les professionnels \u00e0 multiplier leurs efforts pour l\u2019organisation et la restructuration du secteur, lors de leur assembl\u00e9e g\u00e9n\u00e9rale constitutive tenue derni\u00e8rement.<\/p>\n<p>\u00abCette nouvelle association est cr\u00e9\u00e9e par un groupe de commer\u00e7ants ayant en commun le souci de la r\u00e9habilitation et de la mise en valeur du secteur du commerce dans cette ville\u00bb, selon un communiqu\u00e9 \u00e9mis par le bureau de la nouvelle association, faisant remarquer que ce groupement associatif vient suite \u00e0 une s\u00e9rie de r\u00e9unions pour pouvoir discuter et identifier les contraintes et les probl\u00e8mes auxquels doivent faire face les repr\u00e9sentants de ce secteur.<br \/>La plupart des quinze membres de ce nouveau bureau \u2013 qui ont \u00e9t\u00e9 \u00e9lus \u00e0 l\u2019issue des travaux de cette assembl\u00e9e g\u00e9n\u00e9rale constitutive \u2013 sont parmi les acteurs les plus actifs pour leur militantisme associatif et syndical. Ils ont fait part de leur souhait de se constituer avec d\u2019autres organismes associatifs des commer\u00e7ants de la ville en un collectif pour pouvoir faire mieux entendre leur voix et d\u00e9fendre les droits des professionnels aupr\u00e8s des autorit\u00e9s locales ainsi que des responsables des services locaux ou centraux.<\/p>\n<p><a href=\"https:http:\/\/aujourdhui.ma\/wp-content\/uploads\/2021\/01\/whatsapp_image_2017-05-18_at_13.50.22.jpeg\"><img decoding=\"async\" loading=\"lazy\" class=\"size-full wp-image-366790 aligncenter\" src=\"http:\/\/aujourdhui.ma\/wp-content\/uploads\/2021\/01\/whatsapp_image_2017-05-18_at_13.50.22.jpeg\" alt=\"\" width=\"588\" height=\"331\" srcset=\"http:\/\/aujourdhui.ma\/wp-content\/uploads\/2021\/01\/whatsapp_image_2017-05-18_at_13.50.22.jpeg 588w, \/\/aujourdhui.ma\/wp-content\/uploads\/2021\/01\/whatsapp_image_2017-05-18_at_13.50.22-300x169.jpeg 300w\" sizes=\"auto, (max-width: 588px) 100vw, 588px\"\/><\/a><\/p>\n<p>D\u2019autant plus qu\u2019\u00e0 l\u2019instar d\u2019autres secteurs cl\u00e9s de l\u2019\u00e9conomie locale, les repr\u00e9sentants du commerce \u00e0 Al Hoceima sont s\u00e9v\u00e8rement touch\u00e9s depuis les premi\u00e8res mesures restrictives prises pour limiter la propagation de la pand\u00e9mie parmi la population de la ville. Pour leur majorit\u00e9, ils ont voulu d\u00e9montrer, pendant cette p\u00e9riode exceptionnelle, et en coordination avec les autorit\u00e9s locales, leur engagement de citoyens exemplaires et responsables pour le respect de ces mesures restrictives dans les march\u00e9s de proximit\u00e9 et les autres lieux de commerce. Ils cherchent ainsi \u00e0 pr\u00e9server leurs int\u00e9r\u00eats, tout en permettant \u00e0 Al Hoceima de retrouver son lustre d\u2019antan comme haut lieu de commerce dans la province.<\/p>\n<p>Notons que les autorit\u00e9s locales viennent de lancer une campagne de lutte contre l\u2019occupation du domaine public, particuli\u00e8rement de certains commer\u00e7ants des quartiers commerciaux et les plus anim\u00e9s de la ville. Cette campagne est tr\u00e8s appr\u00e9ci\u00e9e par les habitants, mais aussi par les professionnels qui trouvent que la prolif\u00e9ration de ce ph\u00e9nom\u00e8ne est parmi les principaux facteurs ayant continu\u00e9 de jouer en d\u00e9faveur de l\u2019organisation et restructuration du commerce dans les quatre coins d\u2019Al Hoceima.<\/p>\n<\/div>\n<p>Auteur: Najat Fa\u00efssal<br \/>\n<a href=\"https:\/\/aujourdhui.ma\/actualite\/al-hoceima-le-commerce-local-sorganise-face-a-la-crise-sanitaire\">Cliquez ici pour lire l&rsquo;article depuis sa source.<\/a><\/p>\n","protected":false},"excerpt":{"rendered":"<p>Des professionnels se sont regroup\u00e9s au sein d\u2019une nouvelle association Depuis le d\u00e9but de la pand\u00e9mie de Covid-19, les commer\u00e7ants et les autorit\u00e9s locales \u00e0 Al Hoceima continuent de faire preuve d\u2019une grande mobilisation et de coordination afin de permettre au secteur de survivre \u00e0 cette crise sanitaire. A cet effet, des repr\u00e9sentants des diff\u00e9rents [&hellip;]<\/p>\n","protected":false},"author":1759,"featured_media":0,"comment_status":"closed","ping_status":"closed","sticky":false,"template":"","format":"standard","meta":{"fifu_image_url":"http:\/\/aujourdhui.ma\/wp-content\/uploads\/2021\/01\/Al-Hoceima.jpg","fifu_image_alt":"Al Hoceima : Le commerce local s\u2019organise face \u00e0 la crise sanitaire","footnotes":""},"categories":[73,54],"tags":[],"class_list":["post-110144","post","type-post","status-publish","format-standard","hentry","category-actualite","category-maroc"],"_links":{"self":[{"href":"https:\/\/linitiative.ca\/International\/wp-json\/wp\/v2\/posts\/110144","targetHints":{"allow":["GET"]}}],"collection":[{"href":"https:\/\/linitiative.ca\/International\/wp-json\/wp\/v2\/posts"}],"about":[{"href":"https:\/\/linitiative.ca\/International\/wp-json\/wp\/v2\/types\/post"}],"author":[{"embeddable":true,"href":"https:\/\/linitiative.ca\/International\/wp-json\/wp\/v2\/users\/1759"}],"replies":[{"embeddable":true,"href":"https:\/\/linitiative.ca\/International\/wp-json\/wp\/v2\/comments?post=110144"}],"version-history":[{"count":0,"href":"https:\/\/linitiative.ca\/International\/wp-json\/wp\/v2\/posts\/110144\/revisions"}],"wp:attachment":[{"href":"https:\/\/linitiative.ca\/International\/wp-json\/wp\/v2\/media?parent=110144"}],"wp:term":[{"taxonomy":"category","embeddable":true,"href":"https:\/\/linitiative.ca\/International\/wp-json\/wp\/v2\/categories?post=110144"},{"taxonomy":"post_tag","embeddable":true,"href":"https:\/\/linitiative.ca\/International\/wp-json\/wp\/v2\/tags?post=110144"}],"curies":[{"name":"wp","href":"https:\/\/api.w.org\/{rel}","templated":true}]}}