{"id":110145,"date":"2021-01-28T10:38:08","date_gmt":"2021-01-28T15:38:08","guid":{"rendered":"https:\/\/linitiative.ca\/International\/tourisme-agadir-connectee-a-bucarest\/"},"modified":"2021-01-28T10:38:08","modified_gmt":"2021-01-28T15:38:08","slug":"tourisme-agadir-connectee-a-bucarest","status":"publish","type":"post","link":"https:\/\/linitiative.ca\/International\/tourisme-agadir-connectee-a-bucarest\/","title":{"rendered":"Tourisme : Agadir connect\u00e9e \u00e0 Bucarest"},"content":{"rendered":"<p><img decoding=\"async\" class=\"post_layout_5_img\" src=\"http:\/\/aujourdhui.ma\/wp-content\/uploads\/2020\/06\/agadir-tourisme.jpg\" alt=\"Tourisme : Agadir connect&#xE9;e &#xE0; Bucarest\"\/><\/p>\n<p><span class=\"c5\"><strong>Une liaison a\u00e9rienne au mois d\u2019ao\u00fbt prochain<\/strong><\/span><span id=\"more-366798\"\/><\/p>\n<p>Bonne nouvelle pour la destination Agadir. Elle vient de l\u2019Europe de l\u2019Est avec en l\u2019occurrence l\u2019annonce d\u2019une nouvelle connexion a\u00e9rienne qui reliera la capitale de Souss-Massa et la ville de Bucarest, capitale de la Roumanie, et ce \u00e0 partir de la fin du mois d\u2019ao\u00fbt prochain par Animawings qui assurera des vols charters pour le compte de Christian Tour.<br \/>L\u2019ouverture de cette nouvelle desserte sur Agadir renforcera la pr\u00e9sence de la destination Maroc sur le march\u00e9 roumain ainsi qu\u2019au niveau de l\u2019Europe de l\u2019Est, consid\u00e9r\u00e9 comme un des plus importants march\u00e9s \u00e9mergents. Cette ligne directe rapprochera la destination Agadir des touristes roumains et permettra de drainer une client\u00e8le plus diversifi\u00e9e au niveau de cette ville qui esp\u00e8re rena\u00eetre de ses cendres le plus vite possible surtout apr\u00e8s les cons\u00e9quences d\u00e9sastreuses de la Covid-19 sur toute la cha\u00eene de valeur touristique locale avec en l\u2019occurrence une cessation compl\u00e8te de l\u2019activit\u00e9 touristique pendant des mois.<\/p>\n<p>En effet, Agadir, ville touristique par excellence, a connu ces 5 derni\u00e8res ann\u00e9es (avant Covid), une augmentation moyenne des arriv\u00e9es de +8%, tandis que les nuit\u00e9es ont \u00e9volu\u00e9 de +5%. Les march\u00e9s fran\u00e7ais et allemand restent les deux premiers pourvoyeurs de touristes pour la r\u00e9gion de Souss-Massa avec environ 51% de part de march\u00e9 cumul\u00e9e. D\u2019autres march\u00e9s font leur apparition, comme le Royaume-Uni avec une progression en nuit\u00e9es de +8% en 2019 par rapport \u00e0 2018.<\/p>\n<p>Le plan d\u2019action arr\u00eat\u00e9 par l\u2019Office national marocain du tourisme (ONMT) concentr\u00e9 avec les acteurs locaux pour redynamiser l\u2019action touristique au niveau de cette destination porte sur la consolidation des efforts pour faire d\u2019Agadir une marque baln\u00e9aire forte et axer la promotion sur les march\u00e9s \u00e9metteurs les plus importants, en l\u2019occurrence la France, l\u2019Allemagne et le Royaume-Uni ; int\u00e9grer Taghazout \u00e0 la marque Agadir afin d\u2019apporter de l\u2019innovation et susciter un int\u00e9r\u00eat nouveau \u00e0 la marque, et renforcer les liaisons a\u00e9riennes \u00e0 partir des principaux bassins \u00e9metteurs. Dans ce sens l\u2019ONMT, en partenariat avec la RAM, a d\u00e9j\u00e0 mis en place le mois dernier 4 nouvelles routes a\u00e9riennes directes reliant Agadir \u00e0 Londres, Bruxelles, Manchester et Lyon et ce, \u00e0 raison de 2 fr\u00e9quences par semaine pour chaque liaison.<\/p>\n<p>Cependant l\u2019un des soucis majeurs des op\u00e9rateurs locaux consiste en la fermeture des plages de cette destination connue au niveau mondial par ses produits baln\u00e9aires et qui est due selon le Comit\u00e9 de veille local \u00e0 la hausse des contaminations \u00e0 la Covid-19 dans cette r\u00e9gion.<\/p>\n<p>Pour rappel, un total de 36.014 voyageurs ont transit\u00e9 par l\u2019a\u00e9roport d\u2019Agadir-Al Massira en d\u00e9cembre 2020 contre 162.085 durant le m\u00eame mois en 2019. L\u2019a\u00e9roport de la capitale du Souss a enregistr\u00e9 ainsi un recul de 77,89% en raison de la propagation de la pand\u00e9mie de Covid-19, selon les donn\u00e9es publi\u00e9es par l\u2019Office national des a\u00e9roports (ONDA).<\/p>\n<p>Auteur: Mohamed Laabid<br \/>\n<a href=\"https:\/\/aujourdhui.ma\/actualite\/tourisme-agadir-connectee-a-bucarest\">Cliquez ici pour lire l&rsquo;article depuis sa source.<\/a><\/p>\n","protected":false},"excerpt":{"rendered":"<p>Une liaison a\u00e9rienne au mois d\u2019ao\u00fbt prochain Bonne nouvelle pour la destination Agadir. Elle vient de l\u2019Europe de l\u2019Est avec en l\u2019occurrence l\u2019annonce d\u2019une nouvelle connexion a\u00e9rienne qui reliera la capitale de Souss-Massa et la ville de Bucarest, capitale de la Roumanie, et ce \u00e0 partir de la fin du mois d\u2019ao\u00fbt prochain par Animawings [&hellip;]<\/p>\n","protected":false},"author":1759,"featured_media":0,"comment_status":"closed","ping_status":"closed","sticky":false,"template":"","format":"standard","meta":{"fifu_image_url":"http:\/\/aujourdhui.ma\/wp-content\/uploads\/2020\/06\/agadir-tourisme.jpg","fifu_image_alt":"Tourisme : Agadir connect\u00e9e \u00e0 Bucarest","footnotes":""},"categories":[73,54],"tags":[],"class_list":["post-110145","post","type-post","status-publish","format-standard","hentry","category-actualite","category-maroc"],"_links":{"self":[{"href":"https:\/\/linitiative.ca\/International\/wp-json\/wp\/v2\/posts\/110145","targetHints":{"allow":["GET"]}}],"collection":[{"href":"https:\/\/linitiative.ca\/International\/wp-json\/wp\/v2\/posts"}],"about":[{"href":"https:\/\/linitiative.ca\/International\/wp-json\/wp\/v2\/types\/post"}],"author":[{"embeddable":true,"href":"https:\/\/linitiative.ca\/International\/wp-json\/wp\/v2\/users\/1759"}],"replies":[{"embeddable":true,"href":"https:\/\/linitiative.ca\/International\/wp-json\/wp\/v2\/comments?post=110145"}],"version-history":[{"count":0,"href":"https:\/\/linitiative.ca\/International\/wp-json\/wp\/v2\/posts\/110145\/revisions"}],"wp:attachment":[{"href":"https:\/\/linitiative.ca\/International\/wp-json\/wp\/v2\/media?parent=110145"}],"wp:term":[{"taxonomy":"category","embeddable":true,"href":"https:\/\/linitiative.ca\/International\/wp-json\/wp\/v2\/categories?post=110145"},{"taxonomy":"post_tag","embeddable":true,"href":"https:\/\/linitiative.ca\/International\/wp-json\/wp\/v2\/tags?post=110145"}],"curies":[{"name":"wp","href":"https:\/\/api.w.org\/{rel}","templated":true}]}}