{"id":110146,"date":"2021-01-28T09:09:44","date_gmt":"2021-01-28T14:09:44","guid":{"rendered":"https:\/\/linitiative.ca\/International\/coronavirus-loms-entame-sa-mission-en-chine\/"},"modified":"2021-01-28T09:09:44","modified_gmt":"2021-01-28T14:09:44","slug":"coronavirus-loms-entame-sa-mission-en-chine","status":"publish","type":"post","link":"https:\/\/linitiative.ca\/International\/coronavirus-loms-entame-sa-mission-en-chine\/","title":{"rendered":"Coronavirus: l\u2019OMS entame sa mission en Chine"},"content":{"rendered":"<p class=\"c2\"><strong>Washington exige une enqu\u00eate \u00abpouss\u00e9e\u00bb<\/strong><\/p>\n<p><strong>Une \u00e9quipe de l\u2019OMS est sortie jeudi de quarantaine en Chine pour entamer ses investigations sur le terrain, alors que Washington a r\u00e9clam\u00e9 une enqu\u00eate \u00ab\u00a0claire et pouss\u00e9e\u00a0\u00bb sur les origines de la pand\u00e9mie de Covid-19 qui continue de s\u2019aggraver \u00e0 travers le monde.<\/strong><\/p>\n<p>Apr\u00e8s deux semaines enferm\u00e9s dans un h\u00f4tel de Wuhan (centre), o\u00f9 l\u2019\u00e9pid\u00e9mie \u00e9tait apparue il y a plus d\u2019un an, une dizaine de membres de l\u2019\u00e9quipe de l\u2019Organisation mondiale de la Sant\u00e9 sont mont\u00e9s \u00e0 bord d\u2019un autocar qui les a emmen\u00e9s vers un autre \u00e9tablissement d\u2019une grande cha\u00eene internationale.<\/p>\n<p>Ils vont pouvoir participer \u00e0 des s\u00e9minaires et effectuer des visites de terrain, a pr\u00e9cis\u00e9 le minist\u00e8re des Affaires \u00e9trang\u00e8res.<\/p>\n<p>Cette visite est ultra-sensible pour le r\u00e9gime chinois, soucieux d\u2019\u00e9carter toute responsabilit\u00e9 dans l\u2019\u00e9pid\u00e9mie.<\/p>\n<p>Les Etats-Unis \u00ab\u00a0soutiennent une enqu\u00eate internationale qui \u00e0 notre avis doit \u00eatre claire et pouss\u00e9e\u00a0\u00bb, a affirm\u00e9 mercredi la porte-parole de la Maison Blanche, Jen Psaki, pr\u00e9cisant que Washington allait \u00ab\u00a0\u00e9valuer la cr\u00e9dibilit\u00e9 du rapport d\u2019enqu\u00eate une fois termin\u00e9\u00a0\u00bb.<\/p>\n<p>P\u00e9kin a mal pris cet avertissement, rejetant \u00ab\u00a0une ing\u00e9rence politique\u00a0\u00bb qui risque de mettre en danger \u00ab\u00a0la recherche de r\u00e9sultats scientifiques s\u00e9rieux\u00a0\u00bb.<\/p>\n<p>L\u2019enqu\u00eate d\u00e9marre alors que la pand\u00e9mie est de plus en plus mortelle, avec un nouveau record quotidien de plus de 18.000 d\u00e9c\u00e8s mercredi.<\/p>\n<p>Au total, la pand\u00e9mie a fait au moins 2,17 millions de morts et plus de 100,8 millions d\u2019infections depuis fin d\u00e9cembre 2019, selon un bilan \u00e9tabli par l\u2019AFP jeudi.<\/p>\n<p>Il est \u00ab\u00a0trop t\u00f4t pour l\u00e2cher du lest\u00a0\u00bb sur les restrictions en Europe, notamment du fait des nouveaux variants, a pr\u00e9venu jeudi le directeur Europe de l\u2019OMS, Hans Kluge.<\/p>\n<p>Selon l\u2019OMS, les nouveaux variants ne cessent de se propager: celui apparu en Grande-Bretagne s\u2019est \u00e9tendu \u00e0 70 pays et le sud-africain \u00e0 31. Cette situation met sous pression les gouvernements pour trouver de nouvelles parades.<\/p>\n<p>Au Royaume-Uni, premier pays europ\u00e9en \u00e0 avoir d\u00e9pass\u00e9 les 100.000 morts, le gouvernement a impos\u00e9 une quarantaine \u00e0 l\u2019h\u00f4tel aux r\u00e9sidents en provenance de 22 pays o\u00f9 des variants du virus \u00ab\u00a0pr\u00e9sentent un risque\u00a0\u00bb, comme l\u2019Afrique du Sud, le Portugal et des pays d\u2019Am\u00e9rique du Sud.<\/p>\n<p>L\u2019Allemagne envisage une r\u00e9duction drastique du trafic a\u00e9rien avec le Royaume-Uni, le Br\u00e9sil, l\u2019Afrique du Sud et le Portugal, des pays qu\u2019elle consid\u00e8re comme les plus affect\u00e9s par les nouveaux variants.<\/p>\n<p>En France, o\u00f9 le nombre de morts approche des 75.000, le gouvernement \u00e9tudie plusieurs sc\u00e9narios pour enrayer la propagation du Covid-19, dont celui d\u2019un nouveau confinement \u00ab\u00a0tr\u00e8s serr\u00e9\u00a0\u00bb.<\/p>\n<p>\u00ab\u00a0Rien n\u2019est exclu\u00a0\u00bb, dont un allongement des vacances scolaires de f\u00e9vrier, a soulign\u00e9 jeudi le porte-parole du gouvernement Gabriel Attal.<\/p>\n<p>Des d\u00e9cisions seront prises \u00ab\u00a0en fin de semaine\u00a0\u00bb.<\/p>\n<p>En Belgique, un rapport scientifique ayant fuit\u00e9 dans les m\u00e9dias indique que le variant britannique pourrait repr\u00e9senter d\u2019ici un mois 90% des nouvelles infections.<\/p>\n<p>Cette \u00e9tude est \u00ab\u00a0bas\u00e9e sur des donn\u00e9es limit\u00e9es et nous devons donc consid\u00e9rer ces r\u00e9sultats comme le pire des sc\u00e9narios\u00a0\u00bb, a nuanc\u00e9 le virologue Steven Van Gucht, un porte-parole des autoriti\u00e9s sanitaires, cit\u00e9 par l\u2019agence de presse Belga.<\/p>\n<p>En Russie, les autorit\u00e9s ont assoupli \u00e0 Moscou les restrictions, autorisant les restaurants et les bo\u00eetes de nuit \u00e0 rester ouverts apr\u00e8s 23h00, \u00e0 contre-courant des pays qui serrent la vis.<\/p>\n<p>\u00ab\u00a0Les jeunes veulent s\u2019amuser et se relaxer\u00a0\u00bb, a d\u00e9clar\u00e9 jeudi Timour, \u00e9tudiant de 19 ans.<\/p>\n<p>Alors que la protestation monte dans certains pays contre les restrictions, au Liban, un homme est d\u00e9c\u00e9d\u00e9 et 226 personnes ont \u00e9t\u00e9 bless\u00e9es lors de violents heurts nocturnes mercredi \u00e0 Tripoli (nord) entre policiers et habitants.<\/p>\n<p>La campagne massive de vaccination reste l\u2019une des rares lueurs d\u2019espoir. Nouvelle encourageante, les laboratoires Pfizer et BioNTech ont annonc\u00e9 jeudi que leur vaccin conservait la grande majorit\u00e9 de son efficacit\u00e9 contre les principales mutations des variants anglais et sud-africain du coronavirus.<\/p>\n<p>Des tests in vitro \u00ab\u00a0n\u2019ont pas montr\u00e9 la n\u00e9cessit\u00e9 d\u2019un nouveau vaccin pour faire face aux variants \u00e9mergents\u00a0\u00bb, selon les deux soci\u00e9t\u00e9s, qui soulignent toutefois qu\u2019elles \u00ab\u00a0continuent de surveiller les variants \u00e9mergents et sont pr\u00eates \u00e0 r\u00e9agir\u00a0\u00bb.<\/p>\n<p>Le laboratoire britannique AstraZeneca est, lui, au coeur de tensions avec l\u2019Union europ\u00e9enne. En cause: l\u2019annonce d\u2019un retard dans le calendrier de livraisons de vaccins.<\/p>\n<p>Selon AstraZeneca, la production des vaccins dans les usines britanniques est r\u00e9serv\u00e9e au Royaume-Uni, en vertu de l\u2019accord conclu avec Londres, ce que conteste Bruxelles.<\/p>\n<p>L\u2019UE r\u00e9clame ainsi \u00e0 AstraZeneca de lui livrer comme convenu des vaccins produits dans deux usines britanniques, alors que le groupe pr\u00e9voit d\u00e9sormais de ne fournir au premier trimestre qu&rsquo;\u00a0\u00bbun quart\u00a0\u00bb des doses promises.<\/p>\n<p>A ce jour, au moins 82 millions de doses de vaccins contre le Covid ont \u00e9t\u00e9 administr\u00e9es dans au moins 70 pays ou territoires, selon un comptage r\u00e9alis\u00e9 par l\u2019AFP jeudi.<\/p>\n<p>Le Br\u00e9sil est le pays qui a le plus mal g\u00e9r\u00e9 la pand\u00e9mie et la Nouvelle-Z\u00e9lande est la meilleure \u00e9l\u00e8ve de la plan\u00e8te, d\u2019apr\u00e8s une \u00e9tude publi\u00e9e jeudi par un groupe de r\u00e9flexion australien.<\/p>\n<p>Auteur: M&rsquo;hammed rahal<br \/>\n<a href=\"http:\/\/albayane.press.ma\/coronavirus-loms-entame-sa-mission-en-chine.html\">Cliquez ici pour lire l&rsquo;article depuis sa source.<\/a><\/p>\n","protected":false},"excerpt":{"rendered":"<p>Washington exige une enqu\u00eate \u00abpouss\u00e9e\u00bb Une \u00e9quipe de l\u2019OMS est sortie jeudi de quarantaine en Chine pour entamer ses investigations sur le terrain, alors que Washington a r\u00e9clam\u00e9 une enqu\u00eate \u00ab\u00a0claire et pouss\u00e9e\u00a0\u00bb sur les origines de la pand\u00e9mie de Covid-19 qui continue de s\u2019aggraver \u00e0 travers le monde. Apr\u00e8s deux semaines enferm\u00e9s dans un [&hellip;]<\/p>\n","protected":false},"author":1760,"featured_media":0,"comment_status":"closed","ping_status":"closed","sticky":false,"template":"","format":"standard","meta":{"fifu_image_url":"","fifu_image_alt":"","footnotes":""},"categories":[73,54],"tags":[],"class_list":["post-110146","post","type-post","status-publish","format-standard","hentry","category-actualite","category-maroc"],"_links":{"self":[{"href":"https:\/\/linitiative.ca\/International\/wp-json\/wp\/v2\/posts\/110146","targetHints":{"allow":["GET"]}}],"collection":[{"href":"https:\/\/linitiative.ca\/International\/wp-json\/wp\/v2\/posts"}],"about":[{"href":"https:\/\/linitiative.ca\/International\/wp-json\/wp\/v2\/types\/post"}],"author":[{"embeddable":true,"href":"https:\/\/linitiative.ca\/International\/wp-json\/wp\/v2\/users\/1760"}],"replies":[{"embeddable":true,"href":"https:\/\/linitiative.ca\/International\/wp-json\/wp\/v2\/comments?post=110146"}],"version-history":[{"count":0,"href":"https:\/\/linitiative.ca\/International\/wp-json\/wp\/v2\/posts\/110146\/revisions"}],"wp:attachment":[{"href":"https:\/\/linitiative.ca\/International\/wp-json\/wp\/v2\/media?parent=110146"}],"wp:term":[{"taxonomy":"category","embeddable":true,"href":"https:\/\/linitiative.ca\/International\/wp-json\/wp\/v2\/categories?post=110146"},{"taxonomy":"post_tag","embeddable":true,"href":"https:\/\/linitiative.ca\/International\/wp-json\/wp\/v2\/tags?post=110146"}],"curies":[{"name":"wp","href":"https:\/\/api.w.org\/{rel}","templated":true}]}}