{"id":110149,"date":"2021-01-28T09:24:30","date_gmt":"2021-01-28T14:24:30","guid":{"rendered":"https:\/\/linitiative.ca\/International\/covid-19-ledition-2021-du-festival-de-cannes-reportee-au-mois-de-juillet\/"},"modified":"2021-01-28T09:24:30","modified_gmt":"2021-01-28T14:24:30","slug":"covid-19-ledition-2021-du-festival-de-cannes-reportee-au-mois-de-juillet","status":"publish","type":"post","link":"https:\/\/linitiative.ca\/International\/covid-19-ledition-2021-du-festival-de-cannes-reportee-au-mois-de-juillet\/","title":{"rendered":"Covid-19: L\u2019\u00e9dition 2021 du Festival de Cannes report\u00e9e au mois de juillet"},"content":{"rendered":"<p><strong>Report\u00e9 mais pas annul\u00e9: le Festival de Cannes, dont l\u2019\u00e9dition 2020 avait fait les frais de la crise sanitaire, a \u00e9t\u00e9 report\u00e9 au mois de juillet, dans un contexte de rebond de l\u2019\u00e9pid\u00e9mie de Covid-19.<\/strong><\/p>\n<p>\u00ab\u00a0Comme annonc\u00e9 \u00e0 l\u2019automne dernier, le Festival International du Film de Cannes, se donnait la possibilit\u00e9 de modifier ses dates en fonction de l\u2019\u00e9volution de la situation sanitaire mondiale.<\/p>\n<p>Ainsi, pr\u00e9vu initialement du 11 au 22 mai 2021, le Festival aura lieu du mardi 6 au samedi 17 juillet 2021\u2033, indiquent les organisateurs dans un communiqu\u00e9.<\/p>\n<p>Contact\u00e9 par l\u2019AFP, le d\u00e9l\u00e9gu\u00e9 g\u00e9n\u00e9ral du festival de Cannes, Thierry Fr\u00e9maux, n\u2019\u00e9tait pas joignable dans l\u2019imm\u00e9diat.<\/p>\n<p>Le plus important festival de cin\u00e9ma au monde, qui se tient traditionnellement en mai, a pr\u00e9f\u00e9r\u00e9 anticiper un report plut\u00f4t que de se voir contraint, si la situation sanitaire venait \u00e0 se d\u00e9grader, \u00e0 annuler, une seconde fois, sa tenue.<\/p>\n<p><strong>Quel effet ce report aura-t-il sur le calendrier des Festivals ?<\/strong><\/p>\n<p>Premier festival \u00e0 d\u00e9marrer l\u2019ann\u00e9e, la Berlinale, qui devait initialement se tenir du 11 au 21 f\u00e9vrier, a \u00e9t\u00e9 contraint de reporter son \u00e9dition \u00e0 d\u00e9but mars, o\u00f9 la comp\u00e9tition se tiendra en ligne en raison de la pand\u00e9mie.<\/p>\n<p>Des projections ouvertes au public seront organis\u00e9es dans un second temps, et si les conditions sanitaires le permettent, au mois de juin. Les regards se tournent donc \u00e0 pr\u00e9sent vers la Mostra de Venise, qui doit se tenir du 1er au 11 septembre.<\/p>\n<p>Mais avec les reports de la Berlinale et de Cannes, la Mostra ou le Festival de San Sebastian, qui doit se tenir mi-septembre, pourront-ils maintenir leur calendrier ? La question est pos\u00e9e.<\/p>\n<p>Pour le festival fran\u00e7ais, encore traumatis\u00e9 par l\u2019annulation de son \u00e9dition 2020, le report \u00e0 l\u2019\u00e9t\u00e9 \u00e9tait envisag\u00e9 depuis des mois.<\/p>\n<p>\u00ab\u00a0Cannes 2021 aura bien lieu\u00a0\u00bb, avaient martel\u00e9 d\u2019une seule voix le pr\u00e9sident et le d\u00e9l\u00e9gu\u00e9 g\u00e9n\u00e9ral du Festival de Cannes, Pierre Lescure et Thierry Fr\u00e9meaux, lors de l\u2019organisation, fin octobre, d\u2019une \u00e9dition symbolique du festival, o\u00f9 avaient \u00e9t\u00e9 projet\u00e9s quatre films issus de la s\u00e9lection officielle 2020.<\/p>\n<p>Ce mini-festival, qui s\u2019\u00e9tait d\u00e9roul\u00e9 sous de strictes conditions sanitaires, avait pour ambition de poser les jalons d\u2019une \u00e9dition 2021, toujours marqu\u00e9e par la circulation du Covid-19 en France et dans le monde.<\/p>\n<p>Car le Festival de Cannes n\u2019est pas seulement un \u00e9v\u00e9nement glamour o\u00f9 convergent des stars internationales: c\u2019est surtout une gigantesque vitrine pour les films fran\u00e7ais et \u00e9trangers.<\/p>\n<p>Une \u00e9norme machine \u00e9conomique et culturelle o\u00f9 convergent chaque ann\u00e9e 40.000 professionnels et environ 200.000 spectateurs, attendue de pied ferme par la profession.<\/p>\n<p>L\u2019\u00e9dition 2021 pourrait donc co\u00efncider avec un red\u00e9marrage du cin\u00e9ma mondial avec l\u2019ambition d\u2019aider \u00e0 le faire sortir du marasme dans lequel il est plong\u00e9 depuis des mois avec la fermeture des salles obscures et les reports en cascade de sortie de films.<\/p>\n<p>Auteur: M&rsquo;hammed rahal<br \/>\n<a href=\"http:\/\/albayane.press.ma\/covid-19-ledition-2021-du-festival-de-cannes-reportee-au-mois-de-juillet.html\">Cliquez ici pour lire l&rsquo;article depuis sa source.<\/a><\/p>\n","protected":false},"excerpt":{"rendered":"<p>Report\u00e9 mais pas annul\u00e9: le Festival de Cannes, dont l\u2019\u00e9dition 2020 avait fait les frais de la crise sanitaire, a \u00e9t\u00e9 report\u00e9 au mois de juillet, dans un contexte de rebond de l\u2019\u00e9pid\u00e9mie de Covid-19. \u00ab\u00a0Comme annonc\u00e9 \u00e0 l\u2019automne dernier, le Festival International du Film de Cannes, se donnait la possibilit\u00e9 de modifier ses dates [&hellip;]<\/p>\n","protected":false},"author":1760,"featured_media":0,"comment_status":"closed","ping_status":"closed","sticky":false,"template":"","format":"standard","meta":{"fifu_image_url":"","fifu_image_alt":"","footnotes":""},"categories":[73,54],"tags":[],"class_list":["post-110149","post","type-post","status-publish","format-standard","hentry","category-actualite","category-maroc"],"_links":{"self":[{"href":"https:\/\/linitiative.ca\/International\/wp-json\/wp\/v2\/posts\/110149","targetHints":{"allow":["GET"]}}],"collection":[{"href":"https:\/\/linitiative.ca\/International\/wp-json\/wp\/v2\/posts"}],"about":[{"href":"https:\/\/linitiative.ca\/International\/wp-json\/wp\/v2\/types\/post"}],"author":[{"embeddable":true,"href":"https:\/\/linitiative.ca\/International\/wp-json\/wp\/v2\/users\/1760"}],"replies":[{"embeddable":true,"href":"https:\/\/linitiative.ca\/International\/wp-json\/wp\/v2\/comments?post=110149"}],"version-history":[{"count":0,"href":"https:\/\/linitiative.ca\/International\/wp-json\/wp\/v2\/posts\/110149\/revisions"}],"wp:attachment":[{"href":"https:\/\/linitiative.ca\/International\/wp-json\/wp\/v2\/media?parent=110149"}],"wp:term":[{"taxonomy":"category","embeddable":true,"href":"https:\/\/linitiative.ca\/International\/wp-json\/wp\/v2\/categories?post=110149"},{"taxonomy":"post_tag","embeddable":true,"href":"https:\/\/linitiative.ca\/International\/wp-json\/wp\/v2\/tags?post=110149"}],"curies":[{"name":"wp","href":"https:\/\/api.w.org\/{rel}","templated":true}]}}