{"id":110150,"date":"2021-01-28T09:32:32","date_gmt":"2021-01-28T14:32:32","guid":{"rendered":"https:\/\/linitiative.ca\/International\/%ef%bb%bfle-monde-de-la-poesie-et-la-fascination-de-la-peinture\/"},"modified":"2021-01-28T09:32:32","modified_gmt":"2021-01-28T14:32:32","slug":"%ef%bb%bfle-monde-de-la-poesie-et-la-fascination-de-la-peinture","status":"publish","type":"post","link":"https:\/\/linitiative.ca\/International\/%ef%bb%bfle-monde-de-la-poesie-et-la-fascination-de-la-peinture\/","title":{"rendered":"\ufeffLe monde de la po\u00e9sie et la fascination de la peinture \u2013"},"content":{"rendered":"<p><strong>\u00a0\u00a0\u00a0\u00a0\u00a0\u00a0\u00a0\u00a0\u00a0\u00a0\u00a0\u00a0\u00a0\u00a0\u00a0\u00a0\u00a0\u00a0\u00a0\u00a0\u00a0\u00a0\u00a0\u00a0\u00a0\u00a0\u00a0\u00a0\u00a0\u00a0 Entretien avec<\/strong> <a href=\"https:\/\/www.facebook.com\/sandragaelle.land?__tn__=-UC*F\"><strong>Sandra Land<\/strong><\/a><\/p>\n<p class=\"c2\"><strong>Propos recuillis par Noureddine Mhakkak<\/strong><\/p>\n<p><strong>Pour cette artiste po\u00e8te, d\u2019origine suisse, qui est fascin\u00e9e par le monde de la po\u00e9sie et de la peinture qui a obtenu plusieurs prix, nous sommes tr\u00e8s heureux de lui laisser la parole pour nous faire entrer dans son propre univers po\u00e9tique et artistique.<\/strong><\/p>\n<p>\u00a0Elle a \u00e9t\u00e9 r\u00e9compens\u00e9e pour son travail original. Voici quelques distinctions et r\u00e9compenses\u00a0:\u00a0<\/p>\n<ul>\n<li>Soci\u00e9taire du salon des ind\u00e9pendants.<\/li>\n<li>M\u00e9daille de Bronze de l\u2019association\u00a0\u00ab\u00a0Art science et lettre\u00a0\u00bb.<\/li>\n<li>M\u00e9daille d\u2019honneur de la ville Livry Gargan. -Prix Paul Pat\u00e9 <em>Grand<\/em> Palais aux artistes Fran\u00e7ais 2013.<\/li>\n<li>Prix d\u2019honneur Arts inter La Ravoire\u00a02012.<\/li>\n<li>Dipl\u00f4me officiel\u00a0Arts inter Salon international des cr\u00e9ateurs\u00a0du si\u00e8cle\u00a02016.-Prix de portrait\u00a0Art inter salon des cr\u00e9ateurs du si\u00e8cle2015.<\/li>\n<li>2017,\u00a0m\u00e9daille vermeil \u00a0 Art Inter -Salon des cr\u00e9ateurs du si\u00e8cle.<\/li>\n<li>2018 Dipl\u00f4me officiel or nomin\u00e9e 1er prix\u00a0 \u00a0 Salon international des\u00a0cr\u00e9ateurs du si\u00e8cle.<\/li>\n<li>2019 Dipl\u00f4me officiel. \u2013 1er prix de peinture Salon international des cr\u00e9ateurs du si\u00e8cle.\u00a0Voici l\u2019interview\u00a0:<\/li>\n<\/ul>\n<p><strong>1-Que repr\u00e9sentent les arts et les lettres pour vous ?<\/strong><\/p>\n<p>C\u2019est un honneur, une qualification qui nous porte, nous rassure d\u2019\u00eatre sur le bon chemin dans cette grande famille du monde de l\u2019art.<\/p>\n<p><strong>2- Que repr\u00e9sente l\u2019\u00e9criture \/la lecture\u00a0\u00a0 pour vous ?<\/strong><\/p>\n<p>Tout de suite, je dirais l\u2019enrichissement de l\u2019autre, le partage, la compr\u00e9hension puis la tol\u00e9rance\u2026. \u00ab Une plume s\u2019envole, libre \u00e0 toi de la recueillir \u00bb. La po\u00e9sie touche nos \u00e2mes dans l\u2019ext\u00e9riorisation de l\u2019\u00eatre, la r\u00e9v\u00e9lation, l\u2019imaginaire, celle qui touche l\u2019inexplicable, l\u2019insondable et pourtant indispensable \u00e0 l\u2019\u00e9quilibre de l\u2019humanit\u00e9.<\/p>\n<p><strong>3- Parlez-nous des villes que vous avez visit\u00e9es et qui ont laiss\u00e9 une remarquable trace dans votre parcours artistique.<\/strong><\/p>\n<p>Toutes les villes dans le monde qui ont une tr\u00e8s forte personnalit\u00e9 nous apportent automatiquement des \u00e9motions artistiques, fantastiques tant par les couleurs, l\u2019architecture mais aussi par leurs traditions et mode de vie.<\/p>\n<p><strong>4-Que repr\u00e9sente la beaut\u00e9 pour vous ?<\/strong><\/p>\n<p>\u00abLes privil\u00e8ges de la beaut\u00e9 sont immenses elle agit m\u00eame sur ceux qui ne la constate pas \u00bb, C\u2019est une citation de jean Cocteau qui r\u00e9sume bien l\u2019essence m\u00eame de la beaut\u00e9 qui par ricochet nous rapporte au bonheur. J\u2019\u00e9cris ce po\u00e8me l\u00e0 pour parler de la beaut\u00e9 :<\/p>\n<p>\u00ab\u00a0As-tu aper\u00e7u le bonheur ?<\/p>\n<p>Quand il s\u2019en va<\/p>\n<p>Le bleu du ciel se d\u00e9peint<\/p>\n<p>Un v\u0153u<\/p>\n<p>Un aveu<\/p>\n<p>C\u2019est le bonheur<\/p>\n<p>Qui enchante<\/p>\n<p>S\u00e9ducteur<\/p>\n<p>Enj\u00f4leur<\/p>\n<p>Ravageur<\/p>\n<p>A port\u00e9e de main<\/p>\n<p>Quand il s\u2019en va<\/p>\n<p>Le c\u0153ur chagrin<\/p>\n<p>Passe<\/p>\n<p>Tr\u00e9passe<\/p>\n<p>Quand il s\u2019en va<\/p>\n<p>Le bleu du ciel se d\u00e9peint<\/p>\n<p>Le tour du monde<\/p>\n<p>Entre ses bras<\/p>\n<p>D\u2019\u00e9lan de joie<\/p>\n<p>Suspendu \u00e0 ses l\u00e8vres<\/p>\n<p>Se moque parfois<\/p>\n<p>De le vouloir pour sois<\/p>\n<p>Mais quand il s\u2019en va<\/p>\n<p>Le c\u0153ur chagrin<\/p>\n<p>Passe<\/p>\n<p>Tr\u00e9passe<\/p>\n<p>Quand il s\u2019en va<\/p>\n<p>Le bleu du ciel<\/p>\n<p>Se d\u00e9peint<\/p>\n<p>As-tu aper\u00e7u le bonheur ?<\/p>\n<p>Un v\u0153u<\/p>\n<p>Un aveux\u2026\u00a0\u00bb<\/p>\n<p><strong>5- Parlez-nous des livres \/films que vous avez d\u00e9j\u00e0 lus\/vus et qui ont marqu\u00e9 vos pens\u00e9es.<\/strong><\/p>\n<p>Jacques Pr\u00e9vert, Charles Baudelaire, les \u0153uvres d\u2019\u00c9mile Zola, Herv\u00e9 Bazin, Albert Camus.<\/p>\n<p>Le roman de Howard Buten. \u00ab\u00a0Notre Dame de Paris\u00a0\u00bb, et tant d\u2019autres\u2026<\/p>\n<p>Dans ma jeunesse le journal d\u2019Anne Frank\u2026<\/p>\n<p>La po\u00e9sie chant\u00e9e a un impact sur l\u2019esprit \u00e9galement comme Louis Aragon repris par Jean Ferrat, Barbara, Felix Leclerc auteur compositeur interpr\u00e8te canadien\u2026.<\/p>\n<p>Je m\u2019arr\u00eate l\u00e0, il y a tant \u00e0 dire\u2026\u00a0!<\/p>\n<p><strong>6- Parlez- nous de tes \u00e9crits po\u00e9tiques et de tes dessins \/peintures \u2026.<\/strong><\/p>\n<p>J\u2019allie la peinture et la po\u00e9sie. Une histoire \u00e0 chacune de mes toiles, un message qui se veut onirique, souvent une sorte de conversation par la figuration et l\u2019abstraction de la pens\u00e9e.<\/p>\n<p>La vie nous lie \u00e0 la nature, notre survie sur terre, les \u00e9l\u00e9ments qui nous entourent sont notre \u00e9quilibre \u00e0 tous. Ma peinture met en avant cet essentiel l\u00e0\u2026. \u00c0 travers un regard, un visage l\u2019on d\u00e9couvre un univers bucolique.<\/p>\n<p>Auteur: M&rsquo;hammed rahal<br \/>\n<a href=\"http:\/\/albayane.press.ma\/%EF%BB%BFle-monde-de-la-poesie-et-la-fascination-de-la-peinture.html\">Cliquez ici pour lire l&rsquo;article depuis sa source.<\/a><\/p>\n","protected":false},"excerpt":{"rendered":"<p>\u00a0\u00a0\u00a0\u00a0\u00a0\u00a0\u00a0\u00a0\u00a0\u00a0\u00a0\u00a0\u00a0\u00a0\u00a0\u00a0\u00a0\u00a0\u00a0\u00a0\u00a0\u00a0\u00a0\u00a0\u00a0\u00a0\u00a0\u00a0\u00a0\u00a0 Entretien avec Sandra Land Propos recuillis par Noureddine Mhakkak Pour cette artiste po\u00e8te, d\u2019origine suisse, qui est fascin\u00e9e par le monde de la po\u00e9sie et de la peinture qui a obtenu plusieurs prix, nous sommes tr\u00e8s heureux de lui laisser la parole pour nous faire entrer dans son propre univers po\u00e9tique et artistique. \u00a0Elle [&hellip;]<\/p>\n","protected":false},"author":1760,"featured_media":0,"comment_status":"closed","ping_status":"closed","sticky":false,"template":"","format":"standard","meta":{"fifu_image_url":"","fifu_image_alt":"","footnotes":""},"categories":[73,54],"tags":[],"class_list":["post-110150","post","type-post","status-publish","format-standard","hentry","category-actualite","category-maroc"],"_links":{"self":[{"href":"https:\/\/linitiative.ca\/International\/wp-json\/wp\/v2\/posts\/110150","targetHints":{"allow":["GET"]}}],"collection":[{"href":"https:\/\/linitiative.ca\/International\/wp-json\/wp\/v2\/posts"}],"about":[{"href":"https:\/\/linitiative.ca\/International\/wp-json\/wp\/v2\/types\/post"}],"author":[{"embeddable":true,"href":"https:\/\/linitiative.ca\/International\/wp-json\/wp\/v2\/users\/1760"}],"replies":[{"embeddable":true,"href":"https:\/\/linitiative.ca\/International\/wp-json\/wp\/v2\/comments?post=110150"}],"version-history":[{"count":0,"href":"https:\/\/linitiative.ca\/International\/wp-json\/wp\/v2\/posts\/110150\/revisions"}],"wp:attachment":[{"href":"https:\/\/linitiative.ca\/International\/wp-json\/wp\/v2\/media?parent=110150"}],"wp:term":[{"taxonomy":"category","embeddable":true,"href":"https:\/\/linitiative.ca\/International\/wp-json\/wp\/v2\/categories?post=110150"},{"taxonomy":"post_tag","embeddable":true,"href":"https:\/\/linitiative.ca\/International\/wp-json\/wp\/v2\/tags?post=110150"}],"curies":[{"name":"wp","href":"https:\/\/api.w.org\/{rel}","templated":true}]}}