{"id":110151,"date":"2021-01-28T07:46:25","date_gmt":"2021-01-28T12:46:25","guid":{"rendered":"https:\/\/linitiative.ca\/International\/pour-66-des-tunisiens-les-changements-climatiques-sont-une-urgence-mondiale\/"},"modified":"2021-01-28T07:46:25","modified_gmt":"2021-01-28T12:46:25","slug":"pour-66-des-tunisiens-les-changements-climatiques-sont-une-urgence-mondiale","status":"publish","type":"post","link":"https:\/\/linitiative.ca\/International\/pour-66-des-tunisiens-les-changements-climatiques-sont-une-urgence-mondiale\/","title":{"rendered":"Pour 66% des tunisiens, les changements climatiques sont une urgence mondiale"},"content":{"rendered":"<div class=\"td-post-content\">\n<h2>Deux tiers des tunisiens (66%) consid\u00e8rent que les changements climatiques sont une urgence mondiale. Et ce, malgr\u00e9 l\u2019actuelle pand\u00e9mie de Covid-19. A r\u00e9v\u00e9l\u00e9 le Programme des Nations Unies pour le d\u00e9veloppement (<a href=\"http:\/\/www.leconomistemaghrebin.com\/2020\/12\/15\/pnud-idh-tunisie-classee-95eme-rang-mondial\/\" target=\"_blank\" rel=\"noopener noreferrer\">PNUD<\/a>) dans une enqu\u00eate qu\u2019il vient de publier.<\/h2>\n<p>Le PNUD a r\u00e9alis\u00e9 l\u2019enqu\u00eate en question en avec l\u2019Universit\u00e9 d\u2019Oxford. L\u2019enqu\u00eater a a cibl\u00e9\u00a0 50 pays abritant plus de la moiti\u00e9 de la population mondiale. 53% des Tunisiens soulignent la n\u00e9cessit\u00e9 de mettre en place toutes les mesures n\u00e9cessaires pour r\u00e9pondre \u00e0 cette urgence climatique, \u00e0 savoir les changements climatiques. Affirme l\u2019enqu\u00eate.<\/p>\n<p>En effet, l\u2019enqu\u00eate est intitul\u00e9e Intitul\u00e9 \u00ab\u00a0<a href=\"https:\/\/www.undp.org\/content\/undp\/fr\/home\/news-centre\/news\/2021\/Worlds_largest_survey_of_public_opinion_on_climate_change_a_majority_of_people_call_for_wide_ranging_action.html#:~:text=Le%20Vote%20populaire%20pour%20le%20climat%20conf%C3%A8re%20aux%20pays%20un,%C2%BB&amp;text=L'enqu%C3%AAte%20a%20r%C3%A9v%C3%A9l%C3%A9%20un,soit%20men%C3%A9e%20pour%20le%20climat.\" target=\"_blank\" rel=\"noopener noreferrer\">Vote populaire pour le climat<\/a>\u00a0\u00bb.\u00a0 Elle\u00a0 a r\u00e9v\u00e9l\u00e9 un lien direct entre le niveau d\u2019instruction des personnes et leur souhait qu\u2019une action soit men\u00e9e pour le climat. Les personnes ayant fr\u00e9quent\u00e9 une universit\u00e9 ou une \u00e9cole sup\u00e9rieure \u00e9taient en tr\u00e8s grande majorit\u00e9 conscientes de l\u2019urgence climatique. Que ce soit dans des pays riches tels que la France (87 %) ou dans des pays \u00e0 revenu interm\u00e9diaire comme la Tunisie, avec un taux de 74%.<\/p>\n<p>Les populations ont appr\u00e9ci\u00e9 les politiques li\u00e9es la conservation des for\u00eats et des terres, \u00e0 l\u2019agriculture respectueuse du climat et aux \u00e9nergies renouvelables. Et ce dans les 29 pays \u00e0 revenu interm\u00e9diaire \u00e9tudi\u00e9s \u00e0 l\u2019instar de la Tunisie, l\u2019Alg\u00e9rie et le Maroc.<\/p>\n<p>D\u2019ailleurs, ce sondage repr\u00e9sente \u00ab la plus grande enqu\u00eate d\u2019opinion jamais r\u00e9alis\u00e9e sur les changements climatiques \u00bb. Affirme le Professeur Stephen Fisher, de la Facult\u00e9 de sociologie de l\u2019Universit\u00e9 d\u2019Oxford.\u00a0 Il\u00a0 a permis de r\u00e9v\u00e9ler que les citoyens \u00e0 travers le monde sont bien plus conscients de l\u2019urgence climatique qu\u2019on ne le pensait.<\/p>\n<h2>Une \u00e9tude qui r\u00e9v\u00e8le la consciences des citoyens de l\u2019enjeu<\/h2>\n<p>\u00ab Peu importe d\u2019o\u00f9 ils viennent, les citoyens s\u2019accordent sur le fait que les changements climatiques constituent une urgence mondiale\u00bb. A d\u00e9clar\u00e9 l\u2019Administrateur du PNUD, Achim Steiner. Et ce\u00a0 lors de la publication des r\u00e9sultats du Vote populaire pour le climat.<\/p>\n<p>\u00ab Le Vote populaire pour le climat r\u00e9v\u00e8le \u00e9galement que les habitants de la plan\u00e8te sont conscients de l\u2019envergure de l\u2019action n\u00e9cessaire, depuis l\u2019agriculture sans incidence n\u00e9gative sur le climat jusqu\u2019\u00e0 la protection de la nature, en passant par l\u2019investissement dans une relance verte \u00bb, a-t-il ajout\u00e9.<\/p>\n<p>Le PNUD, communiquera\u00a0 les r\u00e9sultats de cette enqu\u00eate\u00a0 aux gouvernements du monde entier. Et ce\u00a0 en pr\u00e9vision du cycle de n\u00e9gociations important se d\u00e9roulera lors du Conf\u00e9rence de l\u2019ONU sur le climat en novembre prochain \u00e0 Glasgow, au Royaume-Uni.<br \/>Selon le programme onusien, l\u2019ann\u00e9e 2021 sera d\u00e9cisive pour l\u2019engagement des pays en faveur de l\u2019action pour le climat.<\/p>\n<p>Avec TAP<\/p>\n<\/div>\n<footer>\n<\/footer>\n<div class=\"wp-post-author-wrap wp-post-author-shortcode left\">\n<h3 class=\"awpa-title\"\/>\n<div class=\"wp-post-author\">\n<div class=\"awpa-img awpa-author-block square\"><a href=\"http:\/\/lexpertjournal.net\/fr\/?author=5\"><img loading=\"lazy\" decoding=\"async\" alt=\"\" src=\"http:\/\/0.gravatar.com\/avatar\/97f8e10a1c1125ba104a76514ee07b16?s=150&amp;d=mm&amp;r=g\" srcset=\"http:\/\/0.gravatar.com\/avatar\/97f8e10a1c1125ba104a76514ee07b16?s=300&amp;d=mm&amp;r=g 2x\" class=\"avatar avatar-150 photo\" height=\"150\" width=\"150\"\/><\/a><\/div>\n<\/div>\n<\/div>\n<aside class=\"mashsb-container mashsb-main mashsb-stretched\">\n<\/aside>\n<p>Auteur: L&rsquo;expert<br \/>\n<a href=\"http:\/\/lexpertjournal.net\/fr\/?p=18362\">Cliquez ici pour lire l&rsquo;article depuis sa source.<\/a><\/p>\n","protected":false},"excerpt":{"rendered":"<p>Deux tiers des tunisiens (66%) consid\u00e8rent que les changements climatiques sont une urgence mondiale. Et ce, malgr\u00e9 l\u2019actuelle pand\u00e9mie de Covid-19. A r\u00e9v\u00e9l\u00e9 le Programme des Nations Unies pour le d\u00e9veloppement (PNUD) dans une enqu\u00eate qu\u2019il vient de publier. Le PNUD a r\u00e9alis\u00e9 l\u2019enqu\u00eate en question en avec l\u2019Universit\u00e9 d\u2019Oxford. L\u2019enqu\u00eater a a cibl\u00e9\u00a0 50 [&hellip;]<\/p>\n","protected":false},"author":1775,"featured_media":0,"comment_status":"closed","ping_status":"closed","sticky":false,"template":"","format":"standard","meta":{"fifu_image_url":"http:\/\/0.gravatar.com\/avatar\/97f8e10a1c1125ba104a76514ee07b16?s=150&d=mm&r=g","fifu_image_alt":"Pour 66% des tunisiens, les changements climatiques sont une urgence mondiale","footnotes":""},"categories":[78,55],"tags":[],"class_list":["post-110151","post","type-post","status-publish","format-standard","hentry","category-economie","category-tunisie"],"_links":{"self":[{"href":"https:\/\/linitiative.ca\/International\/wp-json\/wp\/v2\/posts\/110151","targetHints":{"allow":["GET"]}}],"collection":[{"href":"https:\/\/linitiative.ca\/International\/wp-json\/wp\/v2\/posts"}],"about":[{"href":"https:\/\/linitiative.ca\/International\/wp-json\/wp\/v2\/types\/post"}],"author":[{"embeddable":true,"href":"https:\/\/linitiative.ca\/International\/wp-json\/wp\/v2\/users\/1775"}],"replies":[{"embeddable":true,"href":"https:\/\/linitiative.ca\/International\/wp-json\/wp\/v2\/comments?post=110151"}],"version-history":[{"count":0,"href":"https:\/\/linitiative.ca\/International\/wp-json\/wp\/v2\/posts\/110151\/revisions"}],"wp:attachment":[{"href":"https:\/\/linitiative.ca\/International\/wp-json\/wp\/v2\/media?parent=110151"}],"wp:term":[{"taxonomy":"category","embeddable":true,"href":"https:\/\/linitiative.ca\/International\/wp-json\/wp\/v2\/categories?post=110151"},{"taxonomy":"post_tag","embeddable":true,"href":"https:\/\/linitiative.ca\/International\/wp-json\/wp\/v2\/tags?post=110151"}],"curies":[{"name":"wp","href":"https:\/\/api.w.org\/{rel}","templated":true}]}}