{"id":110152,"date":"2021-01-28T08:19:58","date_gmt":"2021-01-28T13:19:58","guid":{"rendered":"https:\/\/linitiative.ca\/International\/coronavirus-le-ministere-de-la-sante-publique-recrute-des-medecins\/"},"modified":"2021-01-28T08:19:58","modified_gmt":"2021-01-28T13:19:58","slug":"coronavirus-le-ministere-de-la-sante-publique-recrute-des-medecins","status":"publish","type":"post","link":"https:\/\/linitiative.ca\/International\/coronavirus-le-ministere-de-la-sante-publique-recrute-des-medecins\/","title":{"rendered":"Coronavirus : Le minist\u00e8re de la Sant\u00e9 publique recrute des m\u00e9decins"},"content":{"rendered":"<h2>Dans un communiqu\u00e9 publi\u00e9 le 28 janvier 2021, le\u00a0<a href=\"http:\/\/www.santetunisie.rns.tn\/fr\/\" target=\"_blank\" rel=\"noopener noreferrer\">Minist\u00e8re de la Sant\u00e9<\/a>\u00a0a annonc\u00e9 son intention de recruter des m\u00e9decins contractuels. Cette initiative s\u2019inscrit dans le cadre du programme national de lutte contre le\u00a0<a href=\"http:\/\/www.leconomistemaghrebin.com\/2021\/01\/27\/coronavirus-83-deces-supplementaires-et-2026-nouvelles-contaminations\/\" target=\"_blank\" rel=\"noopener noreferrer\">Coronavirus<\/a>.<\/h2>\n<p>Le communiqu\u00e9 a pr\u00e9cis\u00e9 que le minist\u00e8re compte recruter 150 m\u00e9decins. Ils sont r\u00e9partis en deux cat\u00e9gories.<\/p>\n<p>D\u2019une part, le minist\u00e8re affectera 39 contractuels aux \u00e9quipes d\u2019ambulance. 5 d\u2019entre eux seront affect\u00e9s \u00e0 Menzel Temim, gouvernorat de Nabeul. Le gouvernorat de Sidi Bouzid en accueillera 5 autres. Ils rejoindront le staff m\u00e9dical de Regueb. L\u2019\u00e9quipe d\u2019ambulanciers de Djerba, du gouvernorat de M\u00e9denine, accueillera le m\u00eame nombre de m\u00e9decins. Le minist\u00e8re compte recruter 5 autres contractuels pour le gouvernorat de Kairouan, pr\u00e9cis\u00e9ment la r\u00e9gion de Hajeb El Ayoun. La r\u00e9gion de M\u00e9tlaoui du gouvernorat de Gafsa b\u00e9n\u00e9ficiera aussi de l\u2019appui de 5 m\u00e9decins. Pour ce qui est du Kef, le minist\u00e8re a pr\u00e9vu de recruter 3 m\u00e9decins. De m\u00eame pour Gab\u00e8s, 3 m\u00e9decins seront engag\u00e9s.<\/p>\n<p>D\u2019autre part, le minist\u00e8re de la Sant\u00e9 a pour intention d\u2019embaucher 119 m\u00e9decins contractuels dans les centres de soins. Il compte d\u00e9ployer ces m\u00e9decins dans 15 gouvernorats. Le communiqu\u00e9 a pr\u00e9cis\u00e9 que les zones concern\u00e9es sont :Le Kef, Jendouba, Zaghouan, Tozeur, Gab\u00e8s, M\u00e9denine, Kebili, Kasserine, Gafsa, Beja, Tataouine, Kairouan, Siliana, Sidi Bouzid et Mahdia.<\/p>\n<h2>Proc\u00e9dure de recrutement<\/h2>\n<p>Le communiqu\u00e9 a fix\u00e9 la date du 8 f\u00e9vrier 2021 comme d\u00e9lai de candidature \u00e0 ces postes.<\/p>\n<p>Par ailleurs, les personnes qui d\u00e9sirent pr\u00e9senter leurs candidatures doivent remplir un formulaire disponible sur le site officiel du minist\u00e8re de la Sant\u00e9. Ils devront ensuite envoyer, par voie postale, une copie imprim\u00e9e et sign\u00e9e au minist\u00e8re. Il est \u00e9galement possible de d\u00e9poser directement le dossier au bureau d\u2019ordre du minist\u00e8re.<\/p>\n<p>Les candidats doivent \u00e9galement accompagner l\u2019imprim\u00e9 d\u2019un ensemble de documents list\u00e9s dans le communiqu\u00e9.<\/p>\n<p><strong>leconomistemaghrebin<\/strong><\/p>\n<div class=\"wp-post-author-wrap wp-post-author-shortcode left\">\n<h3 class=\"awpa-title\"\/>\n<div class=\"wp-post-author\">\n<div class=\"awpa-img awpa-author-block square\"><a href=\"http:\/\/lexpertjournal.net\/fr\/?author=5\"><img loading=\"lazy\" decoding=\"async\" alt=\"\" src=\"http:\/\/0.gravatar.com\/avatar\/97f8e10a1c1125ba104a76514ee07b16?s=150&amp;d=mm&amp;r=g\" srcset=\"http:\/\/0.gravatar.com\/avatar\/97f8e10a1c1125ba104a76514ee07b16?s=300&amp;d=mm&amp;r=g 2x\" class=\"avatar avatar-150 photo\" height=\"150\" width=\"150\"\/><\/a><\/div>\n<\/div>\n<\/div>\n<aside class=\"mashsb-container mashsb-main mashsb-stretched\">\n<\/aside>\n<p>Auteur: L&rsquo;expert<br \/>\n<a href=\"http:\/\/lexpertjournal.net\/fr\/?p=18365\">Cliquez ici pour lire l&rsquo;article depuis sa source.<\/a><\/p>\n","protected":false},"excerpt":{"rendered":"<p>Dans un communiqu\u00e9 publi\u00e9 le 28 janvier 2021, le\u00a0Minist\u00e8re de la Sant\u00e9\u00a0a annonc\u00e9 son intention de recruter des m\u00e9decins contractuels. Cette initiative s\u2019inscrit dans le cadre du programme national de lutte contre le\u00a0Coronavirus. Le communiqu\u00e9 a pr\u00e9cis\u00e9 que le minist\u00e8re compte recruter 150 m\u00e9decins. Ils sont r\u00e9partis en deux cat\u00e9gories. D\u2019une part, le minist\u00e8re affectera [&hellip;]<\/p>\n","protected":false},"author":1775,"featured_media":0,"comment_status":"closed","ping_status":"closed","sticky":false,"template":"","format":"standard","meta":{"fifu_image_url":"http:\/\/0.gravatar.com\/avatar\/97f8e10a1c1125ba104a76514ee07b16?s=150&d=mm&r=g","fifu_image_alt":"Coronavirus : Le minist\u00e8re de la Sant\u00e9 publique recrute des m\u00e9decins","footnotes":""},"categories":[78,55],"tags":[],"class_list":["post-110152","post","type-post","status-publish","format-standard","hentry","category-economie","category-tunisie"],"_links":{"self":[{"href":"https:\/\/linitiative.ca\/International\/wp-json\/wp\/v2\/posts\/110152","targetHints":{"allow":["GET"]}}],"collection":[{"href":"https:\/\/linitiative.ca\/International\/wp-json\/wp\/v2\/posts"}],"about":[{"href":"https:\/\/linitiative.ca\/International\/wp-json\/wp\/v2\/types\/post"}],"author":[{"embeddable":true,"href":"https:\/\/linitiative.ca\/International\/wp-json\/wp\/v2\/users\/1775"}],"replies":[{"embeddable":true,"href":"https:\/\/linitiative.ca\/International\/wp-json\/wp\/v2\/comments?post=110152"}],"version-history":[{"count":0,"href":"https:\/\/linitiative.ca\/International\/wp-json\/wp\/v2\/posts\/110152\/revisions"}],"wp:attachment":[{"href":"https:\/\/linitiative.ca\/International\/wp-json\/wp\/v2\/media?parent=110152"}],"wp:term":[{"taxonomy":"category","embeddable":true,"href":"https:\/\/linitiative.ca\/International\/wp-json\/wp\/v2\/categories?post=110152"},{"taxonomy":"post_tag","embeddable":true,"href":"https:\/\/linitiative.ca\/International\/wp-json\/wp\/v2\/tags?post=110152"}],"curies":[{"name":"wp","href":"https:\/\/api.w.org\/{rel}","templated":true}]}}