{"id":110153,"date":"2021-01-28T08:23:05","date_gmt":"2021-01-28T13:23:05","guid":{"rendered":"https:\/\/linitiative.ca\/International\/kais-saied-recoit-un-appel-telephonique-de-son-homologue-algerien\/"},"modified":"2021-01-28T08:23:05","modified_gmt":"2021-01-28T13:23:05","slug":"kais-saied-recoit-un-appel-telephonique-de-son-homologue-algerien","status":"publish","type":"post","link":"https:\/\/linitiative.ca\/International\/kais-saied-recoit-un-appel-telephonique-de-son-homologue-algerien\/","title":{"rendered":"Ka\u00efs Sa\u00efed re\u00e7oit un appel t\u00e9l\u00e9phonique de son homologue alg\u00e9rien"},"content":{"rendered":"<div class=\"td-post-content\">\n<h2>Le pr\u00e9sident de la R\u00e9publique, Ka\u00efs Sa\u00efed, a re\u00e7u, mercredi soir, un appel t\u00e9l\u00e9phonique de son homologue alg\u00e9rien, Abdelmadjid Tebboune.<\/h2>\n<p class=\"news_item_view_plain_text\">Ainsi, selon un communiqu\u00e9 de la<a href=\"https:\/\/www.facebook.com\/Presidence.tn\">\u00a0pr\u00e9sidence<\/a>, le pr\u00e9sident alg\u00e9rien s\u2019est enquis de l\u2019\u00e9tat de sant\u00e9 du chef de l\u2019Etat. Pour sa part, le pr\u00e9sident Sa\u00efed souhaitait un prompt r\u00e9tablissement \u00e0 M. Tebboune.<\/p>\n<p class=\"news_item_view_plain_text\">Par ailleurs, lors de cet entretien t\u00e9l\u00e9phonique, Sa\u00efed formait le v\u0153u de rencontrer, bient\u00f4t, son \u00ab\u00a0fr\u00e8re\u00a0\u00bb alg\u00e9rien,\u00a0<a href=\"http:\/\/www.leconomistemaghrebin.com\/2020\/12\/17\/entretien-telephonique-kais-saied-abdelmajid-tebboune\/\">Abdelmadjid Tebboune<\/a>. C\u2019est ce qui ressort du\u00a0m\u00eame communiqu\u00e9.<\/p>\n<p class=\"news_item_view_plain_text\">Sachant que plus t\u00f4t dans la journ\u00e9e, les services de la pr\u00e9sidence de la R\u00e9publique ont affirm\u00e9 avoir re\u00e7u une lettre contenant une poudre suspecte. \u00ab La lettre ne renfermait aucun document, mais contenait une poudre suspecte\u00bb, ont-ils pr\u00e9cis\u00e9.<\/p>\n<p class=\"news_item_view_plain_text\">En outre, la lettre n\u2019a pas \u00e9t\u00e9 ouverte par le chef de l\u2019Etat en personne, mais par un agent des services de la pr\u00e9sidence de la R\u00e9publique. Cet agent \u00ab se porte bien \u00bb. Et \u00ab des analyses sont en train d\u2019\u00eatre effectu\u00e9es pour d\u00e9terminer la nature de la substance trouv\u00e9e dans la lettre \u00bb.<\/p>\n<p class=\"news_item_view_plain_text\">De plus, une enqu\u00eate a \u00e9galement \u00e9t\u00e9 ouverte pour identifier la partie exp\u00e9ditrice, ajoute la m\u00eame source.<\/p>\n<p>Enfin, notons qu\u2019une page facebook proche de Ka\u00efs Sa\u00efed avance que le Pr\u00e9sident de la R\u00e9publique aurait \u00e9t\u00e9 la cible d\u2019une tentative d\u2019empoisonnement. Et ce, par le biais d\u2019un colis contenant de la ricine. La m\u00eame source affirme qu\u2019un service sp\u00e9cialis\u00e9 est en train d\u2019analyser toutes les correspondances de la Pr\u00e9sidence du gouvernement.<\/p>\n<p>Avec TAP<\/p>\n<\/div>\n<footer>\n<\/footer>\n<div class=\"wp-post-author-wrap wp-post-author-shortcode left\">\n<h3 class=\"awpa-title\"\/>\n<div class=\"wp-post-author\">\n<div class=\"awpa-img awpa-author-block square\"><a href=\"http:\/\/lexpertjournal.net\/fr\/?author=5\"><img loading=\"lazy\" decoding=\"async\" alt=\"\" src=\"http:\/\/0.gravatar.com\/avatar\/97f8e10a1c1125ba104a76514ee07b16?s=150&amp;d=mm&amp;r=g\" srcset=\"http:\/\/0.gravatar.com\/avatar\/97f8e10a1c1125ba104a76514ee07b16?s=300&amp;d=mm&amp;r=g 2x\" class=\"avatar avatar-150 photo\" height=\"150\" width=\"150\"\/><\/a><\/div>\n<\/div>\n<\/div>\n<aside class=\"mashsb-container mashsb-main mashsb-stretched\">\n<\/aside>\n<p>Auteur: L&rsquo;expert<br \/>\n<a href=\"http:\/\/lexpertjournal.net\/fr\/?p=18368\">Cliquez ici pour lire l&rsquo;article depuis sa source.<\/a><\/p>\n","protected":false},"excerpt":{"rendered":"<p>Le pr\u00e9sident de la R\u00e9publique, Ka\u00efs Sa\u00efed, a re\u00e7u, mercredi soir, un appel t\u00e9l\u00e9phonique de son homologue alg\u00e9rien, Abdelmadjid Tebboune. Ainsi, selon un communiqu\u00e9 de la\u00a0pr\u00e9sidence, le pr\u00e9sident alg\u00e9rien s\u2019est enquis de l\u2019\u00e9tat de sant\u00e9 du chef de l\u2019Etat. Pour sa part, le pr\u00e9sident Sa\u00efed souhaitait un prompt r\u00e9tablissement \u00e0 M. Tebboune. Par ailleurs, lors [&hellip;]<\/p>\n","protected":false},"author":1775,"featured_media":0,"comment_status":"closed","ping_status":"closed","sticky":false,"template":"","format":"standard","meta":{"fifu_image_url":"http:\/\/0.gravatar.com\/avatar\/97f8e10a1c1125ba104a76514ee07b16?s=150&d=mm&r=g","fifu_image_alt":"Ka\u00efs Sa\u00efed re\u00e7oit un appel t\u00e9l\u00e9phonique de son homologue alg\u00e9rien","footnotes":""},"categories":[78,55],"tags":[],"class_list":["post-110153","post","type-post","status-publish","format-standard","hentry","category-economie","category-tunisie"],"_links":{"self":[{"href":"https:\/\/linitiative.ca\/International\/wp-json\/wp\/v2\/posts\/110153","targetHints":{"allow":["GET"]}}],"collection":[{"href":"https:\/\/linitiative.ca\/International\/wp-json\/wp\/v2\/posts"}],"about":[{"href":"https:\/\/linitiative.ca\/International\/wp-json\/wp\/v2\/types\/post"}],"author":[{"embeddable":true,"href":"https:\/\/linitiative.ca\/International\/wp-json\/wp\/v2\/users\/1775"}],"replies":[{"embeddable":true,"href":"https:\/\/linitiative.ca\/International\/wp-json\/wp\/v2\/comments?post=110153"}],"version-history":[{"count":0,"href":"https:\/\/linitiative.ca\/International\/wp-json\/wp\/v2\/posts\/110153\/revisions"}],"wp:attachment":[{"href":"https:\/\/linitiative.ca\/International\/wp-json\/wp\/v2\/media?parent=110153"}],"wp:term":[{"taxonomy":"category","embeddable":true,"href":"https:\/\/linitiative.ca\/International\/wp-json\/wp\/v2\/categories?post=110153"},{"taxonomy":"post_tag","embeddable":true,"href":"https:\/\/linitiative.ca\/International\/wp-json\/wp\/v2\/tags?post=110153"}],"curies":[{"name":"wp","href":"https:\/\/api.w.org\/{rel}","templated":true}]}}