{"id":110154,"date":"2021-01-28T09:15:22","date_gmt":"2021-01-28T14:15:22","guid":{"rendered":"https:\/\/linitiative.ca\/International\/sahbi-ben-fraj-la-tentative-dempoisonnement-touche-a-la-securite-nationale\/"},"modified":"2021-01-28T09:15:22","modified_gmt":"2021-01-28T14:15:22","slug":"sahbi-ben-fraj-la-tentative-dempoisonnement-touche-a-la-securite-nationale","status":"publish","type":"post","link":"https:\/\/linitiative.ca\/International\/sahbi-ben-fraj-la-tentative-dempoisonnement-touche-a-la-securite-nationale\/","title":{"rendered":"Sahbi Ben Fraj: \u00ab La tentative d\u2019empoisonnement touche \u00e0 la s\u00e9curit\u00e9 nationale \u00bb"},"content":{"rendered":"<div class=\"td-post-content\">\n<h2>Cela ne passe pas un jour sans qu\u2019il y ait une info. Entre un remaniement minist\u00e9riel adopt\u00e9 tard dans la soir\u00e9e du mardi 26 janvier ou une tentative d\u2019empoisonnement du Pr\u00e9sident de la R\u00e9publique, il y a de quoi se poser la question : qu\u2019est-ce qui se passe en Tunisie? Sahbi Ben Fraj, analyste politique, dresse un \u00e9tat des lieux dans une d\u00e9claration \u00e0 leconomistemaghrebin.com<\/h2>\n<p>Pour revenir \u00e0 la tentative d\u2019empoisonnement, Sahbi Ben Fraj souligne pour sa part: \u00ab\u00a0Il s\u2019agit en effet d\u2019une information grave visant la pr\u00e9sidence de la R\u00e9publique. D\u2019ailleurs, tout le monde sait que le pr\u00e9sident n\u2019ouvre pas les enveloppes . .. Je pense que si l\u2019information se confirme, ce qui est d\u2019autant plus gravissime. Car cela touche \u00e0 la s\u00e9curit\u00e9 nationale. D\u2019autant plus, \u00e0 mon avis, qu\u2019il faut laisser les experts et la justice traiter ce dossier\u00a0\u00bb.<\/p>\n<p>Par ailleurs, le remaniement minist\u00e9riel adopt\u00e9 a \u00e9t\u00e9 un sujet le plus critiqu\u00e9 dans la Toile. Car un grand nombre d\u2019internautes ne s\u2019attendaient pas \u00e0 ce qu\u2019 il soit adopt\u00e9. Il pr\u00e9cise dans ce contexte: \u00ab\u00a0A aucun moment , je n\u2019ai dout\u00e9 que le gouvernement n\u2019allait pas passer mais bien au contraire. D\u2019ailleurs, en tant qu\u2019ancien d\u00e9put\u00e9, je savais d\u2019avance les rouages de l\u2019ARP\u00a0 en connaissant parfaitement comment \u00e7a se passe au moment du vote. Autrement dit, les pr\u00e9paratifs se font dans les coulisses. Mais une chose est s\u00fbre, il y a eu des manoeuvres politico-politiciennes. Et ce, dans le but d\u2019avoir un certain nombre de voix, en incluant les alliances entre Ennahdha, Qalb Tounes et la coalition Al Karama. Et puis il ne faut pas non plus oublier la pr\u00e9sence de\u00a0<a href=\"http:\/\/www.leconomistemaghrebin.com\/2020\/11\/03\/mohamed-ghariani-persona-non-grata-au-parlement\/\">Mohamed\u00a0 Ghariani<\/a>, l\u2019ancien secretaire g\u00e9n\u00e9ral du RCD, qui a certainement \u00e9t\u00e9 un bon apport pour aboutir \u00e0\u00a0 une autre alliance entre modernistes ( Tahya Tounes, la R\u00e9forme nationale et quelques ind\u00e9pendants). En effet, il s\u2019agit d\u2019une alliance de circonstance\u00a0 pour s\u2019accaparer une partie du pouvoir\u00a0\u00bb.<\/p>\n<p>Et de conclure: \u00ab\u00a0Hichem Mechichi n\u2019est pas un politicien,\u00a0 mais\u00a0 cela n\u2019emp\u00eache qu\u2019il a su profiter de cette situation. D\u2019ailleurs, les \u00e9quilibres de<a href=\"http:\/\/arp.tn\/\">\u00a0l\u2019ARP<\/a>\u00a0sont bien connus. Pour la simple raison que c\u2019est une assurance vie pour le gouvernement. J\u2019ajouterais que ce gouvernement ne va pas durer. Car il devra se mesurer \u00e0 une crise socio-\u00e9conomique et sanitaire in\u00e9dite. Et le chef du gouvernement ne semble pas dispos\u00e9 \u00e0 les r\u00e9soudre\u00a0\u00bb.<\/p>\n<\/div>\n<footer>\n<div class=\"td-post-source-tags\">\n<ul class=\"td-tags td-post-small-box clearfix\">\n<li><strong>leconomistemaghrebin<\/strong><\/li>\n<\/ul>\n<\/div>\n<\/footer>\n<div class=\"wp-post-author-wrap wp-post-author-shortcode left\">\n<h3 class=\"awpa-title\"\/>\n<div class=\"wp-post-author\">\n<div class=\"awpa-img awpa-author-block square\"><a href=\"http:\/\/lexpertjournal.net\/fr\/?author=5\"><img loading=\"lazy\" decoding=\"async\" alt=\"\" src=\"http:\/\/0.gravatar.com\/avatar\/97f8e10a1c1125ba104a76514ee07b16?s=150&amp;d=mm&amp;r=g\" srcset=\"http:\/\/0.gravatar.com\/avatar\/97f8e10a1c1125ba104a76514ee07b16?s=300&amp;d=mm&amp;r=g 2x\" class=\"avatar avatar-150 photo\" height=\"150\" width=\"150\"\/><\/a><\/div>\n<\/div>\n<\/div>\n<aside class=\"mashsb-container mashsb-main mashsb-stretched\">\n<\/aside>\n<p>Auteur: L&rsquo;expert<br \/>\n<a href=\"http:\/\/lexpertjournal.net\/fr\/?p=18372\">Cliquez ici pour lire l&rsquo;article depuis sa source.<\/a><\/p>\n","protected":false},"excerpt":{"rendered":"<p>Cela ne passe pas un jour sans qu\u2019il y ait une info. Entre un remaniement minist\u00e9riel adopt\u00e9 tard dans la soir\u00e9e du mardi 26 janvier ou une tentative d\u2019empoisonnement du Pr\u00e9sident de la R\u00e9publique, il y a de quoi se poser la question : qu\u2019est-ce qui se passe en Tunisie? Sahbi Ben Fraj, analyste politique, [&hellip;]<\/p>\n","protected":false},"author":1775,"featured_media":0,"comment_status":"closed","ping_status":"closed","sticky":false,"template":"","format":"standard","meta":{"fifu_image_url":"http:\/\/0.gravatar.com\/avatar\/97f8e10a1c1125ba104a76514ee07b16?s=150&d=mm&r=g","fifu_image_alt":"Sahbi Ben Fraj: \u00ab La tentative d\u2019empoisonnement touche \u00e0 la s\u00e9curit\u00e9 nationale \u00bb","footnotes":""},"categories":[78,55],"tags":[],"class_list":["post-110154","post","type-post","status-publish","format-standard","hentry","category-economie","category-tunisie"],"_links":{"self":[{"href":"https:\/\/linitiative.ca\/International\/wp-json\/wp\/v2\/posts\/110154","targetHints":{"allow":["GET"]}}],"collection":[{"href":"https:\/\/linitiative.ca\/International\/wp-json\/wp\/v2\/posts"}],"about":[{"href":"https:\/\/linitiative.ca\/International\/wp-json\/wp\/v2\/types\/post"}],"author":[{"embeddable":true,"href":"https:\/\/linitiative.ca\/International\/wp-json\/wp\/v2\/users\/1775"}],"replies":[{"embeddable":true,"href":"https:\/\/linitiative.ca\/International\/wp-json\/wp\/v2\/comments?post=110154"}],"version-history":[{"count":0,"href":"https:\/\/linitiative.ca\/International\/wp-json\/wp\/v2\/posts\/110154\/revisions"}],"wp:attachment":[{"href":"https:\/\/linitiative.ca\/International\/wp-json\/wp\/v2\/media?parent=110154"}],"wp:term":[{"taxonomy":"category","embeddable":true,"href":"https:\/\/linitiative.ca\/International\/wp-json\/wp\/v2\/categories?post=110154"},{"taxonomy":"post_tag","embeddable":true,"href":"https:\/\/linitiative.ca\/International\/wp-json\/wp\/v2\/tags?post=110154"}],"curies":[{"name":"wp","href":"https:\/\/api.w.org\/{rel}","templated":true}]}}