{"id":110155,"date":"2021-01-28T09:27:39","date_gmt":"2021-01-28T14:27:39","guid":{"rendered":"https:\/\/linitiative.ca\/International\/scenes-de-violence-a-larp-grossieretes-vulgarite-et-sexisme\/"},"modified":"2021-01-28T09:27:39","modified_gmt":"2021-01-28T14:27:39","slug":"scenes-de-violence-a-larp-grossieretes-vulgarite-et-sexisme","status":"publish","type":"post","link":"https:\/\/linitiative.ca\/International\/scenes-de-violence-a-larp-grossieretes-vulgarite-et-sexisme\/","title":{"rendered":"Sc\u00e8nes de violence \u00e0 l\u2019ARP : grossi\u00e8ret\u00e9s, vulgarit\u00e9 et sexisme"},"content":{"rendered":"<div class=\"td-post-content\">\n<h2>Dans une vid\u00e9o largement partag\u00e9e sur la toile, on voit le d\u00e9put\u00e9 d\u2019Al Karama Se\u00effeddine Makhlouf agresser sa coll\u00e8gue Abir Moussi. Et ce, dans l\u2019enceinte du Palais abritant l\u2019ARP. Sentiment d\u2019impunit\u00e9 apr\u00e8s la carte blanche qui lui a \u00e9t\u00e9 accord\u00e9e par Rached Ghannouchi en contrepartie de sa docilit\u00e9?<\/h2>\n<p>Faut-il encore s\u2019\u00e9tonner que les Tunisiens tiennent en pi\u00e8tre estime nos respectables \u00e9lus de l\u2019ARP, apr\u00e8s ce qui s\u2019est pass\u00e9 hier mercredi 27 janvier sous le v\u00e9n\u00e9rable d\u00f4me du palais de Bardo, \u00ab source de la l\u00e9gitimit\u00e9 \u00bb, selon la propre expression d\u2019Hichem Mechichi?<\/p>\n<h2>Une agression en r\u00e8gle<\/h2>\n<p>Le moins que l\u2019on puisse dire est que ce que nous avons vu sur la toile d\u00e9passe tout entendement. En live,\u00a0<strong>Se\u00eff Eddine Makhlouf<\/strong>\u00a0arrachait de force le t\u00e9l\u00e9phone portable des mains de sa \u00ab coll\u00e8gue \u00bb\u00a0<a href=\"https:\/\/www.facebook.com\/AbirMoussiOfficielle\/\" target=\"_blank\" rel=\"noopener noreferrer\"><strong>Abir Moussi<\/strong><\/a>. Des gestes mena\u00e7ants et des noms d\u2019oiseaux qui fusaient et que la d\u00e9cence nous emp\u00eache de r\u00e9p\u00e9ter.<\/p>\n<p>\u00ab Sois polie, ne me filme plus, la prochaine fois je mettrai ton portable en mille morceaux! Sois polie, pas de mise en sc\u00e8ne en ma pr\u00e9sence. Tu n\u2019es qu\u2019une l\u00e2che, une voleuse et une criminelle. Moi,\u00a0 je n\u2019ai pas eu peur de ton ancien ma\u00eetre\u00bb, vocif\u00e9rait le porte-parole d\u2019Al Karama; alors qu\u2019elle se prot\u00e9geait le visage de peur d\u2019\u00eatre agress\u00e9e physiquement.<\/p>\n<h2>Deal \u00e0 l\u2019ARP<\/h2>\n<p>En effet, tout s\u2019explique selon un enchainement implacable des faits. Et comme le dirait un d\u00e9licieux dicton tunisien: \u00ab Suis le point de couture si tu es un bon tailleur \u00bb !<\/p>\n<p>Ainsi, \u00e0 peine quelques heures apr\u00e8s le vote de confiance accord\u00e9 au gouvernement Mechichi- notamment par Ennahdha et Al Karama de nouveaux alli\u00e9s apr\u00e8s une l\u00e9g\u00e8re brouille- que d\u00e9j\u00e0 la pr\u00e9sidence de l\u2019ARP publiait un communiqu\u00e9 au sujet de l\u2019altercation datant du 7 d\u00e9cembre 2020, pour donner raison \u00e0 Al Karama. En condamnant fermement \u00ab la violence verbale flagrante des d\u00e9put\u00e9s du bloc d\u00e9mocrate envers les d\u00e9put\u00e9s du bloc Al Karama \u00bb.<\/p>\n<p>Or, tout porte \u00e0 croire qu\u2019il s\u2019agit d\u2019un deal: la condamnation du bloc d\u00e9mocratique en \u00e9change du vote de confiance des d\u00e9put\u00e9s d\u2019Al Karama en faveur des nouveaux ministres du gouvernement Mechichi.<\/p>\n<h2>Carte blanche<\/h2>\n<p>Ainsi,\u00a0<strong>Rached Ghannouchi<\/strong>, par une entourloupette dont il a le secret, r\u00e9compense le bloc Al Karama pour avoir vot\u00e9 en faveur du gouvernement Mechichi II. Accordant ainsi un blanc seing au sulfureux Makhlouf pour reprendre ses veilles bonnes habitudes; en s\u2019attaquant de nouveau \u00e0 Abir Moussi, la b\u00eate noire du cheikh de Montplaisir et dangereuse rivale dans les prochaines l\u00e9gislatives.<\/p>\n<p>Pour rappel, le pr\u00e9sident de l\u2019<strong>ARP<\/strong>\u00a0n\u2019avait pas pris des sanctions disciplinaires contre Al Karama de gait\u00e9 de c\u0153ur.<\/p>\n<p>On se souvient qu\u2019il a fallu que le sang coule \u00e0 l\u2019h\u00e9micycle le 15 janvier en cours et qu\u2019Abir Moussi exerce une grosse pression sur la pr\u00e9sidence de l\u2019ARP, suite \u00e0 la gr\u00e8ve de la faim entam\u00e9e par Samia Abou, pour que<a href=\"https:\/\/www.leconomistemaghrebin.com\/2021\/01\/16\/le-bloc-democratique-leve-son-sit-in-a-larp-et-annonce-son-boycott-a-al-karama\/\" target=\"_blank\" rel=\"noopener noreferrer\">\u00a0Ghannouchi daigne accepter de condamner la violence perp\u00e9tr\u00e9e par ses alli\u00e9s naturels sur le d\u00e9put\u00e9 du bloc d\u00e9mocrate<\/a>.<\/p>\n<h2>\u00ab\u00a0Un bloc terroriste\u00a0\u00bb selon l\u2019UGTT<\/h2>\n<p>D\u2019autre part, l\u2019UGTT se d\u00e9clare \u00ab choqu\u00e9e de l\u2019<strong>agression\u00a0<\/strong>brutale et flagrante perp\u00e9tr\u00e9e par le chef du \u00ab bloc terroriste \u00bb contre Abir Moussi. La centrale syndicale \u00ab condamne ces d\u00e9rapages dangereux et appelle le pr\u00e9sident de l\u2019ARP et tous les d\u00e9put\u00e9s \u00e0 prendre des mesures juridiques pour arr\u00eater cette vague de<strong>\u00a0violence<\/strong>\u00a0sous la coupole du Bardo. De m\u00eame qu\u2019\u00e0 lutter contre le discours haineux de la Coalition Al Karama \u00e0 l\u2019encontre de ses opposants \u00bb. C\u2019est ce qu\u2019on peut lire dans un communiqu\u00e9 \u00e9manant hier de la centrale ouvri\u00e8re.<\/p>\n<p>Que faudra-t-il de plus pour que la pr\u00e9sidence de l\u2019ARP se d\u00e9cide \u00e0 mettre fin \u00e0 l\u2019escalade de la violence au sein de l\u2019h\u00e9micycle? Et n\u2019est-il pas l\u00e9gitime de penser que la violence exerc\u00e9e dans la rue par les jeunes \u00e9meutiers n\u2019est que le reflet de ce qui se passe au Parlement?<\/p>\n<p>Ce qui est certain, c\u2019est que les comportements pu\u00e9rils et irresponsables de certains de nos \u00e9lus ne font qu\u2019\u00e9largir davantage le foss\u00e9 entre le peuple et la classe politique.<\/p>\n<p>A bon entendeur, salut\u00a0!<\/p>\n<\/div>\n<footer>\n<div class=\"td-post-source-tags\">\n<ul class=\"td-tags td-post-small-box clearfix\">\n<li>leconomistemaghrebin<\/li>\n<\/ul>\n<\/div>\n<\/footer>\n<div class=\"wp-post-author-wrap wp-post-author-shortcode left\">\n<h3 class=\"awpa-title\"\/>\n<div class=\"wp-post-author\">\n<div class=\"awpa-img awpa-author-block square\"><a href=\"http:\/\/lexpertjournal.net\/fr\/?author=5\"><img loading=\"lazy\" decoding=\"async\" alt=\"\" src=\"http:\/\/0.gravatar.com\/avatar\/97f8e10a1c1125ba104a76514ee07b16?s=150&amp;d=mm&amp;r=g\" srcset=\"http:\/\/0.gravatar.com\/avatar\/97f8e10a1c1125ba104a76514ee07b16?s=300&amp;d=mm&amp;r=g 2x\" class=\"avatar avatar-150 photo\" height=\"150\" width=\"150\"\/><\/a><\/div>\n<\/div>\n<\/div>\n<aside class=\"mashsb-container mashsb-main mashsb-stretched\">\n<\/aside>\n<p>Auteur: L&rsquo;expert<br \/>\n<a href=\"http:\/\/lexpertjournal.net\/fr\/?p=18375\">Cliquez ici pour lire l&rsquo;article depuis sa source.<\/a><\/p>\n","protected":false},"excerpt":{"rendered":"<p>Dans une vid\u00e9o largement partag\u00e9e sur la toile, on voit le d\u00e9put\u00e9 d\u2019Al Karama Se\u00effeddine Makhlouf agresser sa coll\u00e8gue Abir Moussi. Et ce, dans l\u2019enceinte du Palais abritant l\u2019ARP. Sentiment d\u2019impunit\u00e9 apr\u00e8s la carte blanche qui lui a \u00e9t\u00e9 accord\u00e9e par Rached Ghannouchi en contrepartie de sa docilit\u00e9? Faut-il encore s\u2019\u00e9tonner que les Tunisiens tiennent [&hellip;]<\/p>\n","protected":false},"author":1775,"featured_media":0,"comment_status":"closed","ping_status":"closed","sticky":false,"template":"","format":"standard","meta":{"fifu_image_url":"http:\/\/0.gravatar.com\/avatar\/97f8e10a1c1125ba104a76514ee07b16?s=150&d=mm&r=g","fifu_image_alt":"Sc\u00e8nes de violence \u00e0 l\u2019ARP : grossi\u00e8ret\u00e9s, vulgarit\u00e9 et sexisme","footnotes":""},"categories":[78,55],"tags":[],"class_list":["post-110155","post","type-post","status-publish","format-standard","hentry","category-economie","category-tunisie"],"_links":{"self":[{"href":"https:\/\/linitiative.ca\/International\/wp-json\/wp\/v2\/posts\/110155","targetHints":{"allow":["GET"]}}],"collection":[{"href":"https:\/\/linitiative.ca\/International\/wp-json\/wp\/v2\/posts"}],"about":[{"href":"https:\/\/linitiative.ca\/International\/wp-json\/wp\/v2\/types\/post"}],"author":[{"embeddable":true,"href":"https:\/\/linitiative.ca\/International\/wp-json\/wp\/v2\/users\/1775"}],"replies":[{"embeddable":true,"href":"https:\/\/linitiative.ca\/International\/wp-json\/wp\/v2\/comments?post=110155"}],"version-history":[{"count":0,"href":"https:\/\/linitiative.ca\/International\/wp-json\/wp\/v2\/posts\/110155\/revisions"}],"wp:attachment":[{"href":"https:\/\/linitiative.ca\/International\/wp-json\/wp\/v2\/media?parent=110155"}],"wp:term":[{"taxonomy":"category","embeddable":true,"href":"https:\/\/linitiative.ca\/International\/wp-json\/wp\/v2\/categories?post=110155"},{"taxonomy":"post_tag","embeddable":true,"href":"https:\/\/linitiative.ca\/International\/wp-json\/wp\/v2\/tags?post=110155"}],"curies":[{"name":"wp","href":"https:\/\/api.w.org\/{rel}","templated":true}]}}