{"id":110156,"date":"2021-01-28T07:42:51","date_gmt":"2021-01-28T12:42:51","guid":{"rendered":"https:\/\/linitiative.ca\/International\/partenariat-pour-la-relance-de-linvestissement-touristique\/"},"modified":"2021-01-28T07:42:51","modified_gmt":"2021-01-28T12:42:51","slug":"partenariat-pour-la-relance-de-linvestissement-touristique","status":"publish","type":"post","link":"https:\/\/linitiative.ca\/International\/partenariat-pour-la-relance-de-linvestissement-touristique\/","title":{"rendered":"Partenariat pour la relance de l\u2019investissement touristique"},"content":{"rendered":"<div readability=\"41\">\n<p>Marrakech \u2013 Le minist\u00e8re du Tourisme, de l\u2019Artisanat, du Transport A\u00e9rien et de l\u2019Economie Sociale, la Wilaya de la r\u00e9gion Marrakech-Safi, la Soci\u00e9t\u00e9 Marocaine d\u2019Ing\u00e9nierie Touristique (SMIT) et le Centre R\u00e9gional d\u2019Investissement (CRI) de la R\u00e9gion Marrakech-Safi ont sign\u00e9, r\u00e9cemment, une convention de partenariat pour l\u2019impulsion de l\u2019investissement touristique dans la r\u00e9gion de Marrakech Safi.<\/p>\n<\/div>\n<div readability=\"84\">\n<p>Sign\u00e9e \u00e0 distance, cette convention s\u2019inscrit dans le cadre des nouvelles dynamiques de relance post-Covid de l\u2019activit\u00e9 socio-\u00e9conomique dans la r\u00e9gion Marrakech-Safi, notamment du secteur touristique.<\/p>\n<p>\u00ab\u00a0A travers cette convention, nous entreprendrons une veille \u00e9conomique et une planification strat\u00e9gique au plus pr\u00e8s des territoires, ce qui nous permettra notamment d\u2019\u00e9tablir une banque de projets touristiques afin de mieux informer sur les diff\u00e9rentes opportunit\u00e9s d\u2019investissement dans chacune des provinces de la r\u00e9gion\u00a0\u00bb, a expliqu\u00e9 M. Yassine Mseffer, Directeur G\u00e9n\u00e9ral du CRI Marrakech-Safi, dans une d\u00e9claration \u00e0 la MAP.<\/p>\n<p>Et M. Mseffer de poursuivre que ce travail b\u00e9n\u00e9ficiera \u00e0 tout le tissu \u00e9conomique de la r\u00e9gion et \u00e0 ses diff\u00e9rents secteurs, tels que l\u2019artisanat, les produits du terroir et le transport, et entra\u00eenera la cr\u00e9ation d\u2019emplois stables et p\u00e9rennes dans la r\u00e9gion.<\/p>\n<p>\u00ab\u00a0Malgr\u00e9 la crise conjoncturelle li\u00e9e au nouveau coronavirus (covid-19) que traverse le secteur touristique, les fondamentaux structurels de l\u2019industrie du voyage dans notre r\u00e9gion restent excellents\u00a0\u00bb s\u2019est-il f\u00e9licit\u00e9, ajoutant que le CRI continue \u00e0 recevoir plusieurs projets dans l\u2019h\u00f4tellerie, l\u2019animation ou encore la restauration.<\/p>\n<p>En vertu de cette convention, les diff\u00e9rentes parties prenantes ambitionnent de renforcer leur collaboration, tant aux niveaux strat\u00e9gique qu\u2019op\u00e9rationnel, \u00e0 travers la constitution d\u2019une base de donn\u00e9es \u00e9toff\u00e9e, l\u2019\u00e9tablissement d\u2019une cartographie des opportunit\u00e9s d\u2019investissement dans le secteur, la conduite d\u2019une veille \u00e9conomique prospective et anticipatrice, la r\u00e9alisation d\u2019\u00e9tudes et enqu\u00eates en relation avec l\u2019industrie du voyage ainsi que l\u2019accompagnement des projets en souffrance.<\/p>\n<p>Ce document vise \u00e9galement la promotion et l\u2019encouragement d\u2019un investissement touristique responsable et durable qui r\u00e9pond aux nouvelles demandes des voyageurs \u00e0 l\u2019\u00e8re du post-covid, privil\u00e9giant authenticit\u00e9, humanit\u00e9 et grands espaces.<\/p>\n<p>La compl\u00e9mentarit\u00e9 entre l\u2019expertise sectorielle et strat\u00e9gique de la SMIT d\u2019une part, et l\u2019ancrage territoriale du CRI \u00e0 travers ses nouvelles pr\u00e9rogatives d\u2019autre part, permettra de r\u00e9pondre efficacement \u00e0 la n\u00e9cessit\u00e9 d\u2019une relance dans les meilleures conditions.<\/p>\n<\/div>\n<p>Auteur: Meriem IGASS<br \/>\n<a href=\"http:\/\/www.mapmarrakech.ma\/fr\/partenariat-pour-la-relance-de-linvestissement-touristique\/\">Cliquez ici pour lire l&rsquo;article depuis sa source.<\/a><\/p>\n","protected":false},"excerpt":{"rendered":"<p>Marrakech \u2013 Le minist\u00e8re du Tourisme, de l\u2019Artisanat, du Transport A\u00e9rien et de l\u2019Economie Sociale, la Wilaya de la r\u00e9gion Marrakech-Safi, la Soci\u00e9t\u00e9 Marocaine d\u2019Ing\u00e9nierie Touristique (SMIT) et le Centre R\u00e9gional d\u2019Investissement (CRI) de la R\u00e9gion Marrakech-Safi ont sign\u00e9, r\u00e9cemment, une convention de partenariat pour l\u2019impulsion de l\u2019investissement touristique dans la r\u00e9gion de Marrakech Safi. [&hellip;]<\/p>\n","protected":false},"author":1788,"featured_media":0,"comment_status":"closed","ping_status":"closed","sticky":false,"template":"","format":"standard","meta":{"fifu_image_url":"","fifu_image_alt":"","footnotes":""},"categories":[54,76],"tags":[],"class_list":["post-110156","post","type-post","status-publish","format-standard","hentry","category-maroc","category-regions"],"_links":{"self":[{"href":"https:\/\/linitiative.ca\/International\/wp-json\/wp\/v2\/posts\/110156","targetHints":{"allow":["GET"]}}],"collection":[{"href":"https:\/\/linitiative.ca\/International\/wp-json\/wp\/v2\/posts"}],"about":[{"href":"https:\/\/linitiative.ca\/International\/wp-json\/wp\/v2\/types\/post"}],"author":[{"embeddable":true,"href":"https:\/\/linitiative.ca\/International\/wp-json\/wp\/v2\/users\/1788"}],"replies":[{"embeddable":true,"href":"https:\/\/linitiative.ca\/International\/wp-json\/wp\/v2\/comments?post=110156"}],"version-history":[{"count":0,"href":"https:\/\/linitiative.ca\/International\/wp-json\/wp\/v2\/posts\/110156\/revisions"}],"wp:attachment":[{"href":"https:\/\/linitiative.ca\/International\/wp-json\/wp\/v2\/media?parent=110156"}],"wp:term":[{"taxonomy":"category","embeddable":true,"href":"https:\/\/linitiative.ca\/International\/wp-json\/wp\/v2\/categories?post=110156"},{"taxonomy":"post_tag","embeddable":true,"href":"https:\/\/linitiative.ca\/International\/wp-json\/wp\/v2\/tags?post=110156"}],"curies":[{"name":"wp","href":"https:\/\/api.w.org\/{rel}","templated":true}]}}