{"id":110157,"date":"2021-01-28T08:52:39","date_gmt":"2021-01-28T13:52:39","guid":{"rendered":"https:\/\/linitiative.ca\/International\/approbation-de-plusieurs-conventions-de-partenariat\/"},"modified":"2021-01-28T08:52:39","modified_gmt":"2021-01-28T13:52:39","slug":"approbation-de-plusieurs-conventions-de-partenariat","status":"publish","type":"post","link":"https:\/\/linitiative.ca\/International\/approbation-de-plusieurs-conventions-de-partenariat\/","title":{"rendered":"Approbation de plusieurs conventions de partenariat"},"content":{"rendered":"<div readability=\"37\">\n<p>Essaouira \u2013 Le conseil provincial d\u2019Essaouira a tenu, r\u00e9cemment, sa session ordinaire au titre du mois de janvier, marqu\u00e9e notamment par l\u2019examen et l\u2019approbation de plusieurs conventions de partenariat.<\/p>\n<\/div>\n<div readability=\"92\">\n<p>Tenue sous la pr\u00e9sidence de M. Allal Jrari, pr\u00e9sident du conseil, en pr\u00e9sence du secr\u00e9taire g\u00e9n\u00e9ral de la pr\u00e9fecture, les membres de l\u2019instance \u00e9lue ont ainsi adopt\u00e9 la convention relative au droit d\u2019adh\u00e9sion \u00e0 l\u2019Association marocaine des pr\u00e9sidents des conseils pr\u00e9fectoraux et provinciaux (AMPCPP), entre ladite association et le conseil provincial d\u2019Essaouira.<\/p>\n<p>Ils ont aussi approuv\u00e9 le projet d\u2019une convention de partenariat relative \u00e0 la r\u00e9alisation et \u00e0 la gestion du centre multidisciplinaire dans la commune de Smimou, entre le conseil provincial, le conseil de la r\u00e9gion de Marrakech-Safi, la commune de Smimou, la Chambre de commerce, d\u2019industrie et de services de la r\u00e9gion de Marrakech-Safi, la Chambre r\u00e9gionale d\u2019artisanat et la d\u00e9l\u00e9gation provinciale de l\u2019Entraide Nationale.<\/p>\n<p>Le conseil a \u00e9galement adopt\u00e9 un avenant \u00e0 la convention de partenariat entre le minist\u00e8re de la jeunesse et des sports, l\u2019Initiative nationale pour le D\u00e9veloppement humain (INDH), le conseil r\u00e9gional de Marrakech-Safi, le conseil provincial et la commune de Tamanar, portant sur la mise \u00e0 niveau et l\u2019\u00e9quipement du stade municipal de Tamanar.<\/p>\n<p>Il a, par ailleurs, valid\u00e9 l\u2019amendement de la convention de partenariat avec la commune de Moulay Bouzerktoun, relative \u00e0 la r\u00e9alisation de la route reliant la route r\u00e9gionale (RR) 301 et douar Lissra, d\u2019une longueur de 1,5 km, ainsi que la conclusion d\u2019une convention de partenariat avec la commune d\u2019El Hanchane, portant sur l\u2019am\u00e9nagement de la route reliant le quartier de Bir Essour et Douar Oulad Rahhou dans la commune d\u2019El Hanchane.<\/p>\n<p>L\u2019Instance \u00e9lue a, en outre, donn\u00e9 son aval au projet de convention entre le conseil provincial et la commune de Moulay Bouzerktoun, pour la r\u00e9alisation d\u2019une route dans ladite commune, ainsi qu\u2019au projet de convention de partenariat avec la commune de Had Dra pour le forage d\u2019un puits et la construction d\u2019un r\u00e9servoir d\u2019eau \u00e0 Douar Jbabra relevant de ladite commune.<\/p>\n<p>Elle a aussi approuv\u00e9 l\u2019amendement de la convention de partenariat avec la commune de Had Dra, relative au projet d\u2019am\u00e9nagement de la route reliant la route nationale (RN) en passant par Douar Metraza et Douar Nguiaa, sur une longueur de 3 km.<\/p>\n<p>Cette session a \u00e9t\u00e9 aussi marqu\u00e9e par la pr\u00e9sentation d\u2019un rapport d\u2019information sur les actes accomplis par le pr\u00e9sident du conseil provincial dans le cadre des attributions qui lui sont d\u00e9volues, conform\u00e9ment \u00e0 l\u2019article 104 de la loi organique 112.14 relative aux pr\u00e9fectures et provinces.<\/p>\n<\/div>\n<p>Auteur: Meriem IGASS<br \/>\n<a href=\"http:\/\/www.mapmarrakech.ma\/fr\/le-conseil-provincial-approuve-plusieurs-conventions-de-partenariat\/\">Cliquez ici pour lire l&rsquo;article depuis sa source.<\/a><\/p>\n","protected":false},"excerpt":{"rendered":"<p>Essaouira \u2013 Le conseil provincial d\u2019Essaouira a tenu, r\u00e9cemment, sa session ordinaire au titre du mois de janvier, marqu\u00e9e notamment par l\u2019examen et l\u2019approbation de plusieurs conventions de partenariat. Tenue sous la pr\u00e9sidence de M. Allal Jrari, pr\u00e9sident du conseil, en pr\u00e9sence du secr\u00e9taire g\u00e9n\u00e9ral de la pr\u00e9fecture, les membres de l\u2019instance \u00e9lue ont ainsi [&hellip;]<\/p>\n","protected":false},"author":1788,"featured_media":0,"comment_status":"closed","ping_status":"closed","sticky":false,"template":"","format":"standard","meta":{"fifu_image_url":"","fifu_image_alt":"","footnotes":""},"categories":[54,76],"tags":[],"class_list":["post-110157","post","type-post","status-publish","format-standard","hentry","category-maroc","category-regions"],"_links":{"self":[{"href":"https:\/\/linitiative.ca\/International\/wp-json\/wp\/v2\/posts\/110157","targetHints":{"allow":["GET"]}}],"collection":[{"href":"https:\/\/linitiative.ca\/International\/wp-json\/wp\/v2\/posts"}],"about":[{"href":"https:\/\/linitiative.ca\/International\/wp-json\/wp\/v2\/types\/post"}],"author":[{"embeddable":true,"href":"https:\/\/linitiative.ca\/International\/wp-json\/wp\/v2\/users\/1788"}],"replies":[{"embeddable":true,"href":"https:\/\/linitiative.ca\/International\/wp-json\/wp\/v2\/comments?post=110157"}],"version-history":[{"count":0,"href":"https:\/\/linitiative.ca\/International\/wp-json\/wp\/v2\/posts\/110157\/revisions"}],"wp:attachment":[{"href":"https:\/\/linitiative.ca\/International\/wp-json\/wp\/v2\/media?parent=110157"}],"wp:term":[{"taxonomy":"category","embeddable":true,"href":"https:\/\/linitiative.ca\/International\/wp-json\/wp\/v2\/categories?post=110157"},{"taxonomy":"post_tag","embeddable":true,"href":"https:\/\/linitiative.ca\/International\/wp-json\/wp\/v2\/tags?post=110157"}],"curies":[{"name":"wp","href":"https:\/\/api.w.org\/{rel}","templated":true}]}}