{"id":110159,"date":"2021-01-28T12:38:03","date_gmt":"2021-01-28T17:38:03","guid":{"rendered":"https:\/\/linitiative.ca\/International\/sensibilisation-sur-la-securite-maritime-a-bord-des-bateaux-de-peche\/"},"modified":"2021-01-28T12:38:03","modified_gmt":"2021-01-28T17:38:03","slug":"sensibilisation-sur-la-securite-maritime-a-bord-des-bateaux-de-peche","status":"publish","type":"post","link":"https:\/\/linitiative.ca\/International\/sensibilisation-sur-la-securite-maritime-a-bord-des-bateaux-de-peche\/","title":{"rendered":"Sensibilisation sur la s\u00e9curit\u00e9 maritime \u00e0 bord des bateaux de p\u00eache"},"content":{"rendered":"<div readability=\"37\">\n<p>Safi \u2013 Une campagne de sensibilisation a \u00e9t\u00e9 organis\u00e9e, mercredi \u00e0 Safi, au profit des marins dans le port de la ville, sur la s\u00e9curit\u00e9 maritime et l\u2019importance du port du gilet de sauvetage \u00e0 bord des bateaux de p\u00eache.<\/p>\n<\/div>\n<div readability=\"88\">\n<p>Cette action, qui s\u2019inscrit dans le cadre d\u2019une caravane nationale sur la s\u00e9curit\u00e9 maritime, organis\u00e9e par le d\u00e9partement de la p\u00eache maritime sous le signe \u00ab\u00a0Le gilet de sauvetage, une protection de la vie\u00a0\u00bb, visait \u00e0 informer les marins au niveau de l\u2019infrastructure portuaire de la Cit\u00e9 de l\u2019Oc\u00e9an sur les moyens et le mat\u00e9riel n\u00e9cessaire pour assurer leur s\u00e9curit\u00e9, notamment le gilet de sauvetage, lors de leur activit\u00e9 de p\u00eache.<\/p>\n<p>Cette initiative, dont la mise en \u0153uvre est supervis\u00e9e par l\u2019Institut de Technologie des P\u00eaches Maritimes (ITPM) \u00e0 Safi, ambitionne de pr\u00e9senter des conseils sur la s\u00e9curit\u00e9 maritime et \u00e0 sensibiliser aux dangers de la navigation sans gilet de sauvetage, sur la base des accidents maritimes provoqu\u00e9s en raison du non respect des r\u00e8gles et normes de s\u00e9curit\u00e9 par les marins p\u00eacheurs, engendrant annuellement de lourdes pertes en vies humaines.<\/p>\n<p>S\u2019exprimant \u00e0 cette occasion, le directeur de l\u2019ITPM \u00e0 Safi, Driss Attas, a expliqu\u00e9 que cette campagne tend \u00e0 renforcer le niveau de conscience et \u00e0 mieux sensibiliser les marins en activit\u00e9 au port de Safi quant \u00e0 l\u2019importance et \u00e0 la n\u00e9cessit\u00e9 d\u2019utiliser les moyens susceptibles de les prot\u00e9ger et de leur \u00e9viter des accidents maritimes (gilet de sauvetage, appareil de communication, etc\u2026).<\/p>\n<p>Et le responsable d\u2019ajouter que cette campagne ciblait l\u2019ensemble des marins exer\u00e7ant aussi bien dans la p\u00eache traditionnelle que c\u00f4ti\u00e8re, tout en les appelant \u00e0 respecter les r\u00e8gles et normes requises en la mati\u00e8re et \u00e0 se doter des moyens de s\u00e9curit\u00e9.<\/p>\n<p>Il a, dans la foul\u00e9e, pr\u00e9cis\u00e9 que l\u2019intervention de l\u2019Institut, lors de cette campagne nationale, concerne les trois ports d\u2019El Jadida, de Safi et d\u2019Essaouira, ainsi que les villages de p\u00eacheurs et les points de d\u00e9barquement dans ces structures portuaires.<\/p>\n<p>De leur c\u00f4t\u00e9, des professionnels relevant des repr\u00e9sentations des marins ont salu\u00e9 cette initiative, qui est en phase avec les d\u00e9veloppements que conna\u00eet le secteur, soulignant l\u2019importance du port du gilet de sauvetage comme moyen de protection de la vie.<\/p>\n<p>Cette campagne de sensibilisation a \u00e9t\u00e9 ponctu\u00e9e de la pr\u00e9sentation d\u2019un gilet de sauvetage nouvelle g\u00e9n\u00e9ration, qui se caract\u00e9rise par son usage pratique et facile, et assure la protection et la s\u00e9curit\u00e9 des marins en cas de panne ou d\u2019accident \u00e0 bord du bateau de p\u00eache.<\/p>\n<\/div>\n<p>Auteur: Meriem IGASS<br \/>\n<a href=\"http:\/\/www.mapmarrakech.ma\/fr\/sensibilisation-sur-la-securite-maritime-a-bord-des-bateaux-de-peche\/\">Cliquez ici pour lire l&rsquo;article depuis sa source.<\/a><\/p>\n","protected":false},"excerpt":{"rendered":"<p>Safi \u2013 Une campagne de sensibilisation a \u00e9t\u00e9 organis\u00e9e, mercredi \u00e0 Safi, au profit des marins dans le port de la ville, sur la s\u00e9curit\u00e9 maritime et l\u2019importance du port du gilet de sauvetage \u00e0 bord des bateaux de p\u00eache. Cette action, qui s\u2019inscrit dans le cadre d\u2019une caravane nationale sur la s\u00e9curit\u00e9 maritime, organis\u00e9e [&hellip;]<\/p>\n","protected":false},"author":1788,"featured_media":0,"comment_status":"closed","ping_status":"closed","sticky":false,"template":"","format":"standard","meta":{"fifu_image_url":"","fifu_image_alt":"","footnotes":""},"categories":[54,76],"tags":[],"class_list":["post-110159","post","type-post","status-publish","format-standard","hentry","category-maroc","category-regions"],"_links":{"self":[{"href":"https:\/\/linitiative.ca\/International\/wp-json\/wp\/v2\/posts\/110159","targetHints":{"allow":["GET"]}}],"collection":[{"href":"https:\/\/linitiative.ca\/International\/wp-json\/wp\/v2\/posts"}],"about":[{"href":"https:\/\/linitiative.ca\/International\/wp-json\/wp\/v2\/types\/post"}],"author":[{"embeddable":true,"href":"https:\/\/linitiative.ca\/International\/wp-json\/wp\/v2\/users\/1788"}],"replies":[{"embeddable":true,"href":"https:\/\/linitiative.ca\/International\/wp-json\/wp\/v2\/comments?post=110159"}],"version-history":[{"count":0,"href":"https:\/\/linitiative.ca\/International\/wp-json\/wp\/v2\/posts\/110159\/revisions"}],"wp:attachment":[{"href":"https:\/\/linitiative.ca\/International\/wp-json\/wp\/v2\/media?parent=110159"}],"wp:term":[{"taxonomy":"category","embeddable":true,"href":"https:\/\/linitiative.ca\/International\/wp-json\/wp\/v2\/categories?post=110159"},{"taxonomy":"post_tag","embeddable":true,"href":"https:\/\/linitiative.ca\/International\/wp-json\/wp\/v2\/tags?post=110159"}],"curies":[{"name":"wp","href":"https:\/\/api.w.org\/{rel}","templated":true}]}}