{"id":110160,"date":"2021-01-28T12:54:40","date_gmt":"2021-01-28T17:54:40","guid":{"rendered":"https:\/\/linitiative.ca\/International\/sm-le-roi-lance-la-campagne-nationale-de-vaccination-contre-la-covid-19\/"},"modified":"2021-01-28T12:54:40","modified_gmt":"2021-01-28T17:54:40","slug":"sm-le-roi-lance-la-campagne-nationale-de-vaccination-contre-la-covid-19","status":"publish","type":"post","link":"https:\/\/linitiative.ca\/International\/sm-le-roi-lance-la-campagne-nationale-de-vaccination-contre-la-covid-19\/","title":{"rendered":"SM le Roi lance la campagne nationale de vaccination contre la Covid-19"},"content":{"rendered":"<div class=\"single-featured\"><img alt=\"\" data-src=\"http:\/\/www.mapmarrakech.ma\/map\/uploads\/2021\/01\/SMle-Roi-vaccination-copier.jpg\"\/><\/div>\n<div class=\"single-post-excerpt post-excerpt-bc\" readability=\"37\">\n<p>Sa Majest\u00e9 le Roi Mohammed VI, que Dieu L\u2019assiste, a proc\u00e9d\u00e9, jeudi au Palais Royal \u00e0 F\u00e8s, au lancement de la campagne nationale de vaccination contre le virus de la Covid-19.<\/p>\n<\/div>\n<div class=\"entry-content clearfix single-post-content\" readability=\"56\">\n<p>A cette occasion, Sa Majest\u00e9 le Roi, que Dieu Le pr\u00e9serve, a re\u00e7u la premi\u00e8re dose du vaccin contre la Covid-19.<\/p>\n<p>Conform\u00e9ment aux Hautes Instructions Royales, la campagne de vaccination sera gratuite pour l\u2019ensemble des citoyens, l\u2019objectif \u00e9tant d\u2019immuniser toutes les composantes du peuple marocain (30 millions pour vacciner \u00e0 peu pr\u00e8s 80 pour cent de la population), de r\u00e9duire puis \u00e9liminer les cas de contamination et de d\u00e9c\u00e8s dus \u00e0 l\u2019\u00e9pid\u00e9mie, et de contenir la propagation du virus, dans la perspective d\u2019un retour progressif \u00e0 une vie normale.<\/p>\n<p>Cette campagne nationale se d\u00e9roulera de fa\u00e7on progressive et par tranches et b\u00e9n\u00e9ficiera \u00e0 l\u2019ensemble des citoyens marocains et r\u00e9sidents de 17 ans et plus.<\/p>\n<p>Puisse Dieu pr\u00e9server Sa Majest\u00e9 le Roi, perp\u00e9tuer sur Lui les bienfaits de la sant\u00e9 et Lui accorder longue vie. Puisse-t-il combler le Souverain en la personne de Son Altesse Royale le Prince H\u00e9ritier Moulay El Hassan, de Son Altesse Royale le Prince Moulay Rachid et de tous les membres de l\u2019illustre Famille Royale.<\/p>\n<\/div>\n<p>Auteur: Meriem IGASS<br \/>\n<a href=\"http:\/\/www.mapmarrakech.ma\/fr\/sm-le-roi-lance-la-campagne-nationale-de-vaccination-contre-la-covid-19\/\">Cliquez ici pour lire l&rsquo;article depuis sa source.<\/a><\/p>\n","protected":false},"excerpt":{"rendered":"<p>Sa Majest\u00e9 le Roi Mohammed VI, que Dieu L\u2019assiste, a proc\u00e9d\u00e9, jeudi au Palais Royal \u00e0 F\u00e8s, au lancement de la campagne nationale de vaccination contre le virus de la Covid-19. A cette occasion, Sa Majest\u00e9 le Roi, que Dieu Le pr\u00e9serve, a re\u00e7u la premi\u00e8re dose du vaccin contre la Covid-19. Conform\u00e9ment aux Hautes [&hellip;]<\/p>\n","protected":false},"author":1788,"featured_media":0,"comment_status":"closed","ping_status":"closed","sticky":false,"template":"","format":"standard","meta":{"fifu_image_url":"http:\/\/www.mapmarrakech.ma\/map\/uploads\/2021\/01\/SMle-Roi-vaccination-copier.jpg","fifu_image_alt":"SM le Roi lance la campagne nationale de vaccination contre la Covid-19","footnotes":""},"categories":[54,76],"tags":[],"class_list":["post-110160","post","type-post","status-publish","format-standard","hentry","category-maroc","category-regions"],"_links":{"self":[{"href":"https:\/\/linitiative.ca\/International\/wp-json\/wp\/v2\/posts\/110160","targetHints":{"allow":["GET"]}}],"collection":[{"href":"https:\/\/linitiative.ca\/International\/wp-json\/wp\/v2\/posts"}],"about":[{"href":"https:\/\/linitiative.ca\/International\/wp-json\/wp\/v2\/types\/post"}],"author":[{"embeddable":true,"href":"https:\/\/linitiative.ca\/International\/wp-json\/wp\/v2\/users\/1788"}],"replies":[{"embeddable":true,"href":"https:\/\/linitiative.ca\/International\/wp-json\/wp\/v2\/comments?post=110160"}],"version-history":[{"count":0,"href":"https:\/\/linitiative.ca\/International\/wp-json\/wp\/v2\/posts\/110160\/revisions"}],"wp:attachment":[{"href":"https:\/\/linitiative.ca\/International\/wp-json\/wp\/v2\/media?parent=110160"}],"wp:term":[{"taxonomy":"category","embeddable":true,"href":"https:\/\/linitiative.ca\/International\/wp-json\/wp\/v2\/categories?post=110160"},{"taxonomy":"post_tag","embeddable":true,"href":"https:\/\/linitiative.ca\/International\/wp-json\/wp\/v2\/tags?post=110160"}],"curies":[{"name":"wp","href":"https:\/\/api.w.org\/{rel}","templated":true}]}}