{"id":110166,"date":"2021-01-28T10:00:00","date_gmt":"2021-01-28T15:00:00","guid":{"rendered":"https:\/\/linitiative.ca\/International\/la-fabuleuse-experience-de-la-croyance\/"},"modified":"2021-01-28T10:00:00","modified_gmt":"2021-01-28T15:00:00","slug":"la-fabuleuse-experience-de-la-croyance","status":"publish","type":"post","link":"https:\/\/linitiative.ca\/International\/la-fabuleuse-experience-de-la-croyance\/","title":{"rendered":"La fabuleuse exp\u00e9rience de la croyance"},"content":{"rendered":"<p><span class=\"c3\"><span class=\"c2\"><strong>Le Temps- Mona BEN GAMRA<\/strong><\/span><\/span><\/p>\n<p><span class=\"c3\"><span class=\"c2\"><strong>L\u2019exp\u00e9rience de la croyance, au-del\u00e0 de la notion de Dieu, Allah, Boudha ou\u00a0autres, n\u2019est elle pas cette recherche int\u00e9rieure de cette une dimension de la\u00a0r\u00e9alit\u00e9 qui d\u00e9passe l&rsquo;intelligence et les sens ? \u00ab Au nom d\u2019Allah \u00bb, le documentaire\u00a0de notre coll\u00e8gue Abdellatif Garrouri tente de nous donner des r\u00e9ponses\u00a0concr\u00e8tes \u00e0 cette question. Car dit-il, l\u2019exp\u00e9rience de Dieu n\u2019est pas li\u00e9e \u00e0 une\u00a0seule religion, elle le propre de toutes les religions monoth\u00e9istes et polyth\u00e9istes.<\/strong><\/span><\/span><\/p>\n<p><span class=\"c3\"><span class=\"c2\"><strong>L\u2019id\u00e9e est donc de respecter l\u2019exp\u00e9rience de tout un chacun. Et c\u2019est par l\u00e0 uniquement\u00a0que l\u2019on retrouve les cl\u00e9s du vivre ensemble dans la paix\u2026 au nom Dieu,\u00a0notre Seigneur Allah\u2026<\/strong><\/span><\/span><\/p>\n<div readability=\"41\">\n<p><span class=\"c3\"><span class=\"c2\">Le dialogue interreligieux, il faut dire que le\u00a0sujet a \u00e9t\u00e9 plusieurs fois trait\u00e9. Abdellatif Garrouri\u00a0qui \u00e9tait lors de son dernier voyage \u00e0 S\u00e9oul en\u00a0contact direct avec des repr\u00e9sentants de\u00a0l\u2019hindouisme, de l\u2019islam, le christianisme, etc. a\u00a0eu l\u2019occasion de discuter profond\u00e9ment du sujet.<\/span><\/span><\/p>\n<p><span class=\"c3\"><span class=\"c2\">Derri\u00e8re sa cam\u00e9ra, notre coll\u00e8gue journaliste a\u00a0fait le tour de plusieurs contr\u00e9es du monde et a\u00a0donn\u00e9 la parole \u00e0 plusieurs sp\u00e9cialistes de la question\u00a0du dialogue interreligieux. Il en a fait l\u2019objet\u00a0de son documentaire qui, entre ses s\u00e9quences et\u00a0plans, rec\u00e8le une exp\u00e9rience unique du vivre\u00a0ensemble , dans la foi et l\u2019Amour du prochain.<\/span><\/span><\/p>\n<p><span class=\"c3\"><span class=\"c2\">Abdellatif Garrouri a choisi aussi d\u2019\u00eatre plus concret\u00a0dans sa repr\u00e9sentation du dialogue interreligieux\u00a0en \u00e9voquant cette histoire d\u2019amour entre un\u00a0Tunisien, Bassem et Josy , une Italienne, laquelle\u00a0s\u2019est sold\u00e9e par un mariage du jeune coupe dans\u00a0une \u00e9glise et dans une mosqu\u00e9e. Le film de 58\u00a0minutes a \u00e9t\u00e9 pr\u00e9sent\u00e9 en avant-premi\u00e8re \u00e0 la Cit\u00e9\u00a0de la culture, le 11 septembre dernier, et ce sont\u00a0les conditions sanitaires d\u00e9sobligeantes qui ont\u00a0retard\u00e9 sa projection devant le grand public.<\/span><\/span><\/p>\n<p><span class=\"c3\"><span class=\"c2\">\u2018\u2019Ala wejh rabbi\u2019\u2019, est par ailleurs le titre du\u00a0documentaire qui dans le dialecte tunisien sonne\u00a0cette formule magique, propre \u00e0 nous et qui fait\u00a0que des \u00eatres se connaissent et s\u2019unissent de relations\u00a0amicales d\u00e9sint\u00e9ress\u00e9es, \u2018\u2019ala wijh rabbi\u2019\u2019.\u00a0C\u2019est tout ce qu\u2019on souhaite.<\/span><\/span><\/p>\n<p><span class=\"c3\"><span class=\"c2\"><strong>M.B.G.<\/strong><\/span><\/span><\/p>\n<\/div>\n<p>Auteur: letemps1<br \/>\n<a href=\"http:\/\/www.letemps.com.tn\/article\/119046\/la-fabuleuse-exp%C3%A9rience-de-la-croyance\">Cliquez ici pour lire l&rsquo;article depuis sa source.<\/a><\/p>\n","protected":false},"excerpt":{"rendered":"<p>Le Temps- Mona BEN GAMRA L\u2019exp\u00e9rience de la croyance, au-del\u00e0 de la notion de Dieu, Allah, Boudha ou\u00a0autres, n\u2019est elle pas cette recherche int\u00e9rieure de cette une dimension de la\u00a0r\u00e9alit\u00e9 qui d\u00e9passe l&rsquo;intelligence et les sens ? \u00ab Au nom d\u2019Allah \u00bb, le documentaire\u00a0de notre coll\u00e8gue Abdellatif Garrouri tente de nous donner des r\u00e9ponses\u00a0concr\u00e8tes \u00e0 [&hellip;]<\/p>\n","protected":false},"author":1773,"featured_media":0,"comment_status":"closed","ping_status":"closed","sticky":false,"template":"","format":"standard","meta":{"fifu_image_url":"","fifu_image_alt":"","footnotes":""},"categories":[73,55],"tags":[],"class_list":["post-110166","post","type-post","status-publish","format-standard","hentry","category-actualite","category-tunisie"],"_links":{"self":[{"href":"https:\/\/linitiative.ca\/International\/wp-json\/wp\/v2\/posts\/110166","targetHints":{"allow":["GET"]}}],"collection":[{"href":"https:\/\/linitiative.ca\/International\/wp-json\/wp\/v2\/posts"}],"about":[{"href":"https:\/\/linitiative.ca\/International\/wp-json\/wp\/v2\/types\/post"}],"author":[{"embeddable":true,"href":"https:\/\/linitiative.ca\/International\/wp-json\/wp\/v2\/users\/1773"}],"replies":[{"embeddable":true,"href":"https:\/\/linitiative.ca\/International\/wp-json\/wp\/v2\/comments?post=110166"}],"version-history":[{"count":0,"href":"https:\/\/linitiative.ca\/International\/wp-json\/wp\/v2\/posts\/110166\/revisions"}],"wp:attachment":[{"href":"https:\/\/linitiative.ca\/International\/wp-json\/wp\/v2\/media?parent=110166"}],"wp:term":[{"taxonomy":"category","embeddable":true,"href":"https:\/\/linitiative.ca\/International\/wp-json\/wp\/v2\/categories?post=110166"},{"taxonomy":"post_tag","embeddable":true,"href":"https:\/\/linitiative.ca\/International\/wp-json\/wp\/v2\/tags?post=110166"}],"curies":[{"name":"wp","href":"https:\/\/api.w.org\/{rel}","templated":true}]}}