{"id":110168,"date":"2021-01-28T10:00:00","date_gmt":"2021-01-28T15:00:00","guid":{"rendered":"https:\/\/linitiative.ca\/International\/le-president-malien-recu-par-macron-a-lelysee\/"},"modified":"2021-01-28T10:00:00","modified_gmt":"2021-01-28T15:00:00","slug":"le-president-malien-recu-par-macron-a-lelysee","status":"publish","type":"post","link":"https:\/\/linitiative.ca\/International\/le-president-malien-recu-par-macron-a-lelysee\/","title":{"rendered":"Le pr\u00e9sident malien re\u00e7u par Macron \u00e0 l&rsquo;\u00c9lys\u00e9e"},"content":{"rendered":"<p><span class=\"c3\"><span class=\"c2\"><strong>Le Temps- Agences- Le pr\u00e9sident de la transition malienne Bah N\u2019Daw a d\u00e9jeun\u00e9 hier midi \u00e0 l&rsquo;\u00c9lys\u00e9e avec le pr\u00e9sident\u00a0fran\u00e7ais Emmanuel Macron. Apr\u00e8s le Tchadien Idriss Deby la semaine derni\u00e8re, cette visite est organis\u00e9e avec,\u00a0en toile de fond, le prochain sommet du G5 Sahel dans trois semaines.<\/strong><\/span><\/span><\/p>\n<div readability=\"48\">\n<p><span class=\"c3\"><span class=\"c2\">Le pr\u00e9sident fran\u00e7ais Emmanuel\u00a0Macron a accueilli hier matin le\u00a0pr\u00e9sident malien de Transition, Bah\u00a0N&rsquo;Daw. Les deux hommes sont\u00a0ensuite rentr\u00e9s dans le palais pr\u00e9sidentiel<\/span><\/span><\/p>\n<p><span class=\"c3\"><span class=\"c2\">o\u00f9 les attendaient Florence\u00a0Parly, la ministre fran\u00e7aise des\u00a0Arm\u00e9es, et Jean-Yves Le Drian, le\u00a0patron de la diplomatie fran\u00e7aise.\u00a0Au menu des discussions, le prochain<\/span><\/span><\/p>\n<p><span class=\"c3\"><span class=\"c2\">sommet du G5 Sahel qui se\u00a0tiendra les 15 et 16 f\u00e9vrier prochains\u00a0\u00e0 N&rsquo;Djamena au Tchad.<\/span><\/span><\/p>\n<p><span class=\"c3\"><span class=\"c2\">Cette entrevue s\u2019inscrit dans la\u00a0lign\u00e9e des rendez-vous avec le pr\u00e9sident\u00a0mauritanien Mohamed Ould\u00a0Cheikh El Ghazouani, le Nig\u00e9rien\u00a0Mahamadou Issoufou et le Tchadien<\/span><\/span><\/p>\n<p><span class=\"c3\"><span class=\"c2\">Idriss D\u00e9by, explique-t-ton\u00a0dans l\u2019entourage du pr\u00e9sident fran\u00e7ais.<\/span><\/span><\/p>\n<p><span class=\"c3\"><span class=\"c2\">Reconnaissance\u00a0internationale\u00a0Mais cette visite du pr\u00e9sident de Transition malien n\u2019est pas si ano- dine. Il s&rsquo;agit de la premi\u00e8re fois\u00a0que Bah N\u2019Daw est re\u00e7u par le pr\u00e9sident<\/span><\/span><\/p>\n<p><span class=\"c3\"><span class=\"c2\">d\u2019un pays hors de la Communaut\u00e9\u00a0\u00e9conomique des \u00c9tats<\/span><\/span><\/p>\n<p><span class=\"c3\"><span class=\"c2\">d\u2019Afrique de l\u2019Ouest (C\u00e9d\u00e9ao). En\u00a0l\u2019accueillant avec maints \u00e9gards,\u00a0Paris offre ainsi une sorte de reconnaissance\u00a0internationale \u00e0 un pr\u00e9sident\u00a0propuls\u00e9 \u00e0 la t\u00eate du pouvoir\u00a0malien par une junte militaire.<\/span><\/span><\/p>\n<p><span class=\"c3\"><span class=\"c2\">Y a-t-il eu des engagements de\u00a0Bamako en \u00e9change ? Les autorit\u00e9s\u00a0maliennes ont annonc\u00e9 le 26 janvier\u00a0au soir la dissolution du\u00a0Comit\u00e9 national pour le salut du<\/span><\/span><\/p>\n<p><span class=\"c3\"><span class=\"c2\">peuple (CNSP), l\u2019organe form\u00e9 par\u00a0les militaires qui avaient renvers\u00e9\u00a0Ibrahim Boubacar Ke\u00efta en ao\u00fbt\u00a02020. Il s&rsquo;agissait d&rsquo;une demande de\u00a0la C\u00e9d\u00e9ao.<\/span><\/span><\/p>\n<p><span class=\"c3\"><span class=\"c2\">En d\u00e9but de semaine, une d\u00e9l\u00e9gation\u00a0minist\u00e9rielle s\u2019est rendu \u00e0\u00a0Kidal pour relancer notamment les\u00a0Accords de paix d\u2019Alger. Or, la\u00a0France milite depuis des ann\u00e9es\u00a0pour leur mise en oeuvre rapide. De\u00a0quoi certainement satisfaire Paris.<\/span><\/span><\/p>\n<\/div>\n<p>Auteur: letemps1<br \/>\n<a href=\"http:\/\/www.letemps.com.tn\/article\/119048\/le-pr%C3%A9sident-malien-re%C3%A7u-par-macron-%C3%A0-l%C3%A9lys%C3%A9e\">Cliquez ici pour lire l&rsquo;article depuis sa source.<\/a><\/p>\n","protected":false},"excerpt":{"rendered":"<p>Le Temps- Agences- Le pr\u00e9sident de la transition malienne Bah N\u2019Daw a d\u00e9jeun\u00e9 hier midi \u00e0 l&rsquo;\u00c9lys\u00e9e avec le pr\u00e9sident\u00a0fran\u00e7ais Emmanuel Macron. Apr\u00e8s le Tchadien Idriss Deby la semaine derni\u00e8re, cette visite est organis\u00e9e avec,\u00a0en toile de fond, le prochain sommet du G5 Sahel dans trois semaines. Le pr\u00e9sident fran\u00e7ais Emmanuel\u00a0Macron a accueilli hier matin [&hellip;]<\/p>\n","protected":false},"author":1773,"featured_media":0,"comment_status":"closed","ping_status":"closed","sticky":false,"template":"","format":"standard","meta":{"fifu_image_url":"","fifu_image_alt":"","footnotes":""},"categories":[73,55],"tags":[],"class_list":["post-110168","post","type-post","status-publish","format-standard","hentry","category-actualite","category-tunisie"],"_links":{"self":[{"href":"https:\/\/linitiative.ca\/International\/wp-json\/wp\/v2\/posts\/110168","targetHints":{"allow":["GET"]}}],"collection":[{"href":"https:\/\/linitiative.ca\/International\/wp-json\/wp\/v2\/posts"}],"about":[{"href":"https:\/\/linitiative.ca\/International\/wp-json\/wp\/v2\/types\/post"}],"author":[{"embeddable":true,"href":"https:\/\/linitiative.ca\/International\/wp-json\/wp\/v2\/users\/1773"}],"replies":[{"embeddable":true,"href":"https:\/\/linitiative.ca\/International\/wp-json\/wp\/v2\/comments?post=110168"}],"version-history":[{"count":0,"href":"https:\/\/linitiative.ca\/International\/wp-json\/wp\/v2\/posts\/110168\/revisions"}],"wp:attachment":[{"href":"https:\/\/linitiative.ca\/International\/wp-json\/wp\/v2\/media?parent=110168"}],"wp:term":[{"taxonomy":"category","embeddable":true,"href":"https:\/\/linitiative.ca\/International\/wp-json\/wp\/v2\/categories?post=110168"},{"taxonomy":"post_tag","embeddable":true,"href":"https:\/\/linitiative.ca\/International\/wp-json\/wp\/v2\/tags?post=110168"}],"curies":[{"name":"wp","href":"https:\/\/api.w.org\/{rel}","templated":true}]}}