{"id":110169,"date":"2021-01-28T10:00:00","date_gmt":"2021-01-28T15:00:00","guid":{"rendered":"https:\/\/linitiative.ca\/International\/motion-de-censure-contre-le-gouvernement-a-lordre-du-jour\/"},"modified":"2021-01-28T10:00:00","modified_gmt":"2021-01-28T15:00:00","slug":"motion-de-censure-contre-le-gouvernement-a-lordre-du-jour","status":"publish","type":"post","link":"https:\/\/linitiative.ca\/International\/motion-de-censure-contre-le-gouvernement-a-lordre-du-jour\/","title":{"rendered":"Motion de censure contre le gouvernement \u00e0 l\u2019ordre du jour"},"content":{"rendered":"<p><span class=\"c3\"><span class=\"c2\"><strong>Le Temps- Agences- En R\u00e9publique d\u00e9mocratique du\u00a0Congo (RDC), les d\u00e9put\u00e9s avaient de nouveau rendez-vous\u00a0hier au Palais du peuple, o\u00f9 la motion de censure contre le\u00a0gouvernement de Sylvestre Ilunga est de nouveau \u00e0 l\u2019ordre\u00a0du jour.<\/strong><\/span><\/span><\/p>\n<div readability=\"61\">\n<p><span class=\"c3\"><span class=\"c2\">Le 26 janvier, le vote avait \u00e9t\u00e9 report\u00e9 pour laisser une chance au Premier\u00a0ministre congolais Sylvestre Ilunga de rentrer de Lubumbashi pour se pr\u00e9senter\u00a0devant les \u00e9lus. Mais il \u00e9tait absent hier, tout comme les d\u00e9put\u00e9s du FCC, rest\u00e9\u00a0fid\u00e8le \u00e0 Joseph Kabila. Ils avaient d\u00e9cid\u00e9 de claquer la porte hier, estimant que le\u00a0bureau provisoire de l\u2019Assembl\u00e9e nationale n\u2019\u00e9tait pas habilit\u00e9 pour organiser le\u00a0vote de cette motion de censure.<\/span><\/span><\/p>\n<p><span class=\"c3\"><span class=\"c2\">Mais le quorum a bien \u00e9t\u00e9 atteint. Il y a 325 d\u00e9put\u00e9s, selon des pr\u00e9pos\u00e9s au\u00a0d\u00e9compte. Hier, ils \u00e9taient 285 et 301 \u00e0 signer la p\u00e9tition pour cette motion de censure.<\/span><\/span><\/p>\n<p><span class=\"c3\"><span class=\"c2\">Il y a d\u00e9j\u00e0 six isoloirs et une urne. Tout est d\u00e9j\u00e0 en place. Le vote devrait commencer\u00a0juste apr\u00e8s la lecture de la motion de censure. Ensuite, il faudra d\u00e9pouiller,\u00a0<\/span><\/span><span class=\"c4\">mais du c\u00f4t\u00e9 des partisans du pr\u00e9sident F\u00e9lix Tshisekedi, on est confiant. Le gouvernement\u00a0<\/span><span class=\"c4\">de Sylvestre Ilunga est d\u00e9j\u00e0 de l\u2019histoire ancienne.<\/span><\/p>\n<p><span class=\"c3\"><span class=\"c2\"><strong>L&rsquo;Union sacr\u00e9e en bonne voie<\/strong><\/span><\/span><\/p>\n<p><span class=\"c3\"><span class=\"c2\">Pendant ce temps, les choses s\u2019acc\u00e9l\u00e8rent du c\u00f4t\u00e9 de l\u2019Union sacr\u00e9e, la majorit\u00e9<\/span><\/span><\/p>\n<p><span class=\"c3\"><span class=\"c2\">que veut constituer le pr\u00e9sident congolais. Les opposants Moise Katumbi et Jean-<\/span><\/span><\/p>\n<p><span class=\"c3\"><span class=\"c2\">Pierre Bemba et les partis qu\u2019ils repr\u00e9sentent vont y adh\u00e9rer. La signature est pr\u00e9vue\u00a0<\/span><\/span><span class=\"c4\">cette apr\u00e8s-midi. Les n\u00e9gociations \u00e9taient en cours depuis des semaines. Les<\/span><\/p>\n<p><span class=\"c3\"><span class=\"c2\">noms de l\u2019ancien gouverneur du Katanga et de l\u2019ex-vice-pr\u00e9sident avaient m\u00eame<\/span><\/span><\/p>\n<p><span class=\"c3\"><span class=\"c2\">circul\u00e9 pour les postes d\u2019informateur ou de Premier ministre.<\/span><\/span><\/p>\n<p><span class=\"c3\"><span class=\"c2\">En parall\u00e8le, le bureau provisoire de l\u2019Assembl\u00e9e a annonc\u00e9 le chronogramme de<\/span><\/span><\/p>\n<p><span class=\"c3\"><span class=\"c2\">l\u2019\u00e9lection du bureau d\u00e9finitif de l\u2019assembl\u00e9e. Car parmi les points d\u2019achoppement<\/span><\/span><\/p>\n<p><span class=\"c3\"><span class=\"c2\">entre F\u00e9lix Tshisekedi et ses anciens alli\u00e9s de l\u2019opposition, il y avait bien s\u00fbr les<\/span><\/span><\/p>\n<p><span class=\"c3\"><span class=\"c2\">questions de r\u00e9partition de postes \u00e0 l\u2019Assembl\u00e9e, comme au gouvernement.<\/span><\/span><\/p>\n<p><span class=\"c3\"><span class=\"c2\">\u00c9videmment, cette annonce n\u2019est pas du go\u00fbt de Martin Fayulu, l\u2019ancien candidat<\/span><\/span><\/p>\n<p><span class=\"c3\"><span class=\"c2\">\u00e0 la pr\u00e9sidentielle et actuel coordonnateur de la principale plateforme de l\u2019opposition\u00a0<\/span><\/span><span class=\"c4\">jusqu\u2019ici Lamuka. Il demande \u00e0 ses deux partenaires de \u00ab tirer toutes les cons\u00e9quences\u00a0<\/span><span class=\"c4\">\u00bb de leur adh\u00e9sion \u00e0 l\u2019Union sacr\u00e9e.<\/span><\/p>\n<\/div>\n<p>Auteur: letemps1<br \/>\n<a href=\"http:\/\/www.letemps.com.tn\/article\/119049\/motion-de-censure-contre-le-gouvernement-%C3%A0-l%E2%80%99ordre-du-jour\">Cliquez ici pour lire l&rsquo;article depuis sa source.<\/a><\/p>\n","protected":false},"excerpt":{"rendered":"<p>Le Temps- Agences- En R\u00e9publique d\u00e9mocratique du\u00a0Congo (RDC), les d\u00e9put\u00e9s avaient de nouveau rendez-vous\u00a0hier au Palais du peuple, o\u00f9 la motion de censure contre le\u00a0gouvernement de Sylvestre Ilunga est de nouveau \u00e0 l\u2019ordre\u00a0du jour. Le 26 janvier, le vote avait \u00e9t\u00e9 report\u00e9 pour laisser une chance au Premier\u00a0ministre congolais Sylvestre Ilunga de rentrer de Lubumbashi [&hellip;]<\/p>\n","protected":false},"author":1773,"featured_media":0,"comment_status":"closed","ping_status":"closed","sticky":false,"template":"","format":"standard","meta":{"fifu_image_url":"","fifu_image_alt":"","footnotes":""},"categories":[73,55],"tags":[],"class_list":["post-110169","post","type-post","status-publish","format-standard","hentry","category-actualite","category-tunisie"],"_links":{"self":[{"href":"https:\/\/linitiative.ca\/International\/wp-json\/wp\/v2\/posts\/110169","targetHints":{"allow":["GET"]}}],"collection":[{"href":"https:\/\/linitiative.ca\/International\/wp-json\/wp\/v2\/posts"}],"about":[{"href":"https:\/\/linitiative.ca\/International\/wp-json\/wp\/v2\/types\/post"}],"author":[{"embeddable":true,"href":"https:\/\/linitiative.ca\/International\/wp-json\/wp\/v2\/users\/1773"}],"replies":[{"embeddable":true,"href":"https:\/\/linitiative.ca\/International\/wp-json\/wp\/v2\/comments?post=110169"}],"version-history":[{"count":0,"href":"https:\/\/linitiative.ca\/International\/wp-json\/wp\/v2\/posts\/110169\/revisions"}],"wp:attachment":[{"href":"https:\/\/linitiative.ca\/International\/wp-json\/wp\/v2\/media?parent=110169"}],"wp:term":[{"taxonomy":"category","embeddable":true,"href":"https:\/\/linitiative.ca\/International\/wp-json\/wp\/v2\/categories?post=110169"},{"taxonomy":"post_tag","embeddable":true,"href":"https:\/\/linitiative.ca\/International\/wp-json\/wp\/v2\/tags?post=110169"}],"curies":[{"name":"wp","href":"https:\/\/api.w.org\/{rel}","templated":true}]}}