{"id":110170,"date":"2021-01-28T10:00:00","date_gmt":"2021-01-28T15:00:00","guid":{"rendered":"https:\/\/linitiative.ca\/International\/blinken-rassure-la-communaute-internationale-choquee-par-la-crise\/"},"modified":"2021-01-28T10:00:00","modified_gmt":"2021-01-28T15:00:00","slug":"blinken-rassure-la-communaute-internationale-choquee-par-la-crise","status":"publish","type":"post","link":"https:\/\/linitiative.ca\/International\/blinken-rassure-la-communaute-internationale-choquee-par-la-crise\/","title":{"rendered":"Blinken rassure la communaut\u00e9 internationale choqu\u00e9e par la crise"},"content":{"rendered":"<p><span class=\"c3\"><span class=\"c2\"><strong>Le Temps-Agences- \u00ab\u00a0Le monde nous observe attentivement.\u00a0\u00bb Le\u00a0nouveau chef de la diplomatie am\u00e9ricaine Antony Blinken a promis\u00a0hier de rassurer la communaut\u00e9 internationale bouscul\u00e9e par\u00a0Donald Trump et choqu\u00e9e par la crise politique qui a pr\u00e9c\u00e9d\u00e9 l&rsquo;investiture\u00a0de Joe Biden.<\/strong><\/span><\/span><\/p>\n<p><span class=\"c3\"><span class=\"c2\">\u00ab\u00a0Le monde veut savoir si nous pouvons panser nos plaies en tant que nation\u00a0\u00bb, a-t-il dit \u00e0\u00a0son arriv\u00e9e au d\u00e9partement d&rsquo;Etat au lendemain de la confirmation de sa nomination par le\u00a0Congr\u00e8s, \u00e0 une large majorit\u00e9.<\/span><\/span><\/p>\n<p><span class=\"c3\"><span class=\"c2\">\u00ab\u00a0Il veut voir si nous allons guider le monde par le pouvoir de notre exemple\u00a0\u00bb, \u00ab\u00a0et si nous\u00a0allons privil\u00e9gier la diplomatie avec nos alli\u00e9s et partenaires pour faire face aux grands\u00a0d\u00e9fis de notre \u00e9poque, comme la pand\u00e9mie, le changement climatique, la crise \u00e9conomique,\u00a0les menaces qui p\u00e8sent sur les d\u00e9mocraties, les combats pour la justice raciale et les\u00a0risques pos\u00e9s par nos rivaux et adversaires \u00e0 notre s\u00e9curit\u00e9 et \u00e0 la stabilit\u00e9 mondiale\u00a0\u00bb, a-t-il\u00a0ajout\u00e9 lors d&rsquo;une br\u00e8ve c\u00e9r\u00e9monie.<\/span><\/span><\/p>\n<p><span class=\"c3\"><span class=\"c2\">Celui qui a fait une partie de sa carri\u00e8re au d\u00e9partement d&rsquo;Etat, dont il a \u00e9t\u00e9 num\u00e9ro deux\u00a0\u00e0 la fin de la pr\u00e9sidence de Barack Obama, a dit avoir le sentiment de \u00ab\u00a0revenir \u00e0 la maison\u00a0\u00bb.<\/span><\/span><\/p>\n<p><span class=\"c3\"><span class=\"c2\">Mais il a reconnu que le monde avait chang\u00e9 depuis son d\u00e9part il y a quatre ans, \u00e9voquant<\/span><\/span><\/p>\n<p><span class=\"c3\"><span class=\"c2\">la pand\u00e9mie, mais aussi les \u00ab\u00a0barricades\u00a0\u00bb qui ont surgi \u00e0 Washington \u00e0 la suite de l&rsquo;assaut\u00a0meurtrier de partisans de Donald Trump sur le Capitole, le 6 janvier.<\/span><\/span><\/p>\n<p><span class=\"c3\"><span class=\"c2\">\u00ab\u00a0C&rsquo;est un jour nouveau pour l&rsquo;Am\u00e9rique, c&rsquo;est un jour nouveau pour le monde\u00a0\u00bb, a-t-il\u00a0toutefois assur\u00e9.\u00a0\u00ab\u00a0Nous n&rsquo;avons jamais travers\u00e9 une p\u00e9riode comme celle-ci. Le pr\u00e9sident est d\u00e9termin\u00e9 \u00e0\u00a0nous en sortir le plus rapidement possible\u00a0\u00bb, a insist\u00e9 ce proche de Joe Biden.<\/span><\/span><\/p>\n<p><span class=\"c3\"><span class=\"c2\">\u00ab\u00a0Le monde a besoin du leadership am\u00e9ricain, et nous le garantirons, parce que le monde\u00a0a beaucoup plus de chances de r\u00e9soudre ses probl\u00e8mes et affronter ses d\u00e9fis quand les\u00a0Etats Unis r\u00e9pondent pr\u00e9sent\u00a0\u00bb, a-t-il martel\u00e9, critiquant en creux le d\u00e9sengagement et l&rsquo;unilat\u00e9ralisme\u00a0de la diplomatie trumpiste.<\/span><\/span><\/p>\n<p>Dans une autre critique, \u00e0 peine voil\u00e9e, \u00e0 ses pr\u00e9d\u00e9cesseurs r\u00e9publicains Rex Tillerson<\/p>\n<p>puis Mike Pompeo, accus\u00e9s d&rsquo;avoir parfois m\u00e9pris\u00e9 voire abandonn\u00e9 les diplomates de carri\u00e8re<\/p>\n<p>lorsqu&rsquo;ils \u00e9taient menac\u00e9s ou attaqu\u00e9s, Antony Blinken a promis de \u00ab\u00a0d\u00e9fendre\u00a0\u00bb le personnel<\/p>\n<p>du tentaculaire d\u00e9partement d&rsquo;Etat et de lui redonner \u00ab\u00a0le moral\u00a0\u00bb.<\/p>\n<p>Auteur: letemps1<br \/>\n<a href=\"http:\/\/www.letemps.com.tn\/article\/119050\/blinken-rassure-la-communaut%C3%A9-internationale-choqu%C3%A9e-par-la-crise\">Cliquez ici pour lire l&rsquo;article depuis sa source.<\/a><\/p>\n","protected":false},"excerpt":{"rendered":"<p>Le Temps-Agences- \u00ab\u00a0Le monde nous observe attentivement.\u00a0\u00bb Le\u00a0nouveau chef de la diplomatie am\u00e9ricaine Antony Blinken a promis\u00a0hier de rassurer la communaut\u00e9 internationale bouscul\u00e9e par\u00a0Donald Trump et choqu\u00e9e par la crise politique qui a pr\u00e9c\u00e9d\u00e9 l&rsquo;investiture\u00a0de Joe Biden. \u00ab\u00a0Le monde veut savoir si nous pouvons panser nos plaies en tant que nation\u00a0\u00bb, a-t-il dit \u00e0\u00a0son arriv\u00e9e [&hellip;]<\/p>\n","protected":false},"author":1773,"featured_media":0,"comment_status":"closed","ping_status":"closed","sticky":false,"template":"","format":"standard","meta":{"fifu_image_url":"","fifu_image_alt":"","footnotes":""},"categories":[73,55],"tags":[],"class_list":["post-110170","post","type-post","status-publish","format-standard","hentry","category-actualite","category-tunisie"],"_links":{"self":[{"href":"https:\/\/linitiative.ca\/International\/wp-json\/wp\/v2\/posts\/110170","targetHints":{"allow":["GET"]}}],"collection":[{"href":"https:\/\/linitiative.ca\/International\/wp-json\/wp\/v2\/posts"}],"about":[{"href":"https:\/\/linitiative.ca\/International\/wp-json\/wp\/v2\/types\/post"}],"author":[{"embeddable":true,"href":"https:\/\/linitiative.ca\/International\/wp-json\/wp\/v2\/users\/1773"}],"replies":[{"embeddable":true,"href":"https:\/\/linitiative.ca\/International\/wp-json\/wp\/v2\/comments?post=110170"}],"version-history":[{"count":0,"href":"https:\/\/linitiative.ca\/International\/wp-json\/wp\/v2\/posts\/110170\/revisions"}],"wp:attachment":[{"href":"https:\/\/linitiative.ca\/International\/wp-json\/wp\/v2\/media?parent=110170"}],"wp:term":[{"taxonomy":"category","embeddable":true,"href":"https:\/\/linitiative.ca\/International\/wp-json\/wp\/v2\/categories?post=110170"},{"taxonomy":"post_tag","embeddable":true,"href":"https:\/\/linitiative.ca\/International\/wp-json\/wp\/v2\/tags?post=110170"}],"curies":[{"name":"wp","href":"https:\/\/api.w.org\/{rel}","templated":true}]}}