{"id":110171,"date":"2021-01-28T15:14:09","date_gmt":"2021-01-28T20:14:09","guid":{"rendered":"https:\/\/linitiative.ca\/International\/pros-al-nasr-un-accord-aurait-ete-trouve-avec-nantes-pour-le-transfert-de-abeid\/"},"modified":"2021-01-28T15:14:09","modified_gmt":"2021-01-28T20:14:09","slug":"pros-al-nasr-un-accord-aurait-ete-trouve-avec-nantes-pour-le-transfert-de-abeid","status":"publish","type":"post","link":"https:\/\/linitiative.ca\/International\/pros-al-nasr-un-accord-aurait-ete-trouve-avec-nantes-pour-le-transfert-de-abeid\/","title":{"rendered":"Pros : Al Nasr : Un accord aurait \u00e9t\u00e9 trouv\u00e9 avec Nantes pour le transfert de Abeid"},"content":{"rendered":"<div readability=\"32\">\n<p>Auteur : <span class=\"time\">jeudi 28 janvier 2021 16:50<\/span><\/p>\n<\/div>\n<div id=\"post_core\" readability=\"45\">\n<p>A en croire les informations du journal Ouest-France, la direction du FC Nantes a trouv\u00e9 un accord avec Al Nasr (Emirats Arabes unis) pour un transfert d\u00e9finitif du milieu de terrain alg\u00e9rien Mehdi Abeid. Le footballeur de 28 ans doit s&rsquo;engager avec la formation bas\u00e9e \u00e0 Duba\u00ef pour la somme de 1,5 million d&rsquo;euros comme l&rsquo;indique Topmercato.<\/p>\n<p>Pr\u00e9sent depuis l&rsquo;\u00e9t\u00e9 2019 du c\u00f4t\u00e9 de la Beaujoire, l&rsquo;international alg\u00e9rien a disput\u00e9 18 matches de Ligue 1 fran\u00e7aise depuis le d\u00e9but de la saison 2020-2021. Titulaire indiscutable depuis la venue sur le banc de Raymond Domenech, le num\u00e9ro 8 nantais va laisser un vide important dans l&rsquo;effectif de l&rsquo;actuel 17e du classement, sans succ\u00e8s depuis le 8 novembre et oppos\u00e9 ce dimanche \u00e0 l&rsquo;AS Monaco en conclusion de la 22e journ\u00e9e.<br \/>\u00a0<\/p>\n<p><strong>Publi\u00e9 dans :<\/strong> <span>Abe\u00efd<\/span><\/p>\n<\/div>\n<p>Auteur:<br \/>\n<a href=\"http:\/\/www.lebuteur.com\/article\/detail?titre=al-nasr-un-accord-aurait-ete-trouve-avec-nantes-pour-le-transfert-de-abeid&#038;id=98872&#038;utm_source=feedburner&#038;utm_medium=feed&#038;utm_campaign=Feed%3A+GalerieFArtciles+%28Les+derniers+articles++-+lebuteur.com%29\">Cliquez ici pour lire l&rsquo;article depuis sa source.<\/a><\/p>\n","protected":false},"excerpt":{"rendered":"<p>Auteur : jeudi 28 janvier 2021 16:50 A en croire les informations du journal Ouest-France, la direction du FC Nantes a trouv\u00e9 un accord avec Al Nasr (Emirats Arabes unis) pour un transfert d\u00e9finitif du milieu de terrain alg\u00e9rien Mehdi Abeid. Le footballeur de 28 ans doit s&rsquo;engager avec la formation bas\u00e9e \u00e0 Duba\u00ef pour [&hellip;]<\/p>\n","protected":false},"author":1738,"featured_media":0,"comment_status":"closed","ping_status":"closed","sticky":false,"template":"","format":"standard","meta":{"fifu_image_url":"\/\/cdn.lebuteur.com\/data\/images\/article\/thumbs\/large-al-nasr-un-accord-aurait-ete-trouve-avec-nantes-pour-le-transfert-de-abeid-003a3.jpg","fifu_image_alt":"Pros : Al Nasr : Un accord aurait \u00e9t\u00e9 trouv\u00e9 avec Nantes pour le transfert de Abeid","footnotes":""},"categories":[53,75],"tags":[],"class_list":["post-110171","post","type-post","status-publish","format-standard","hentry","category-algerie","category-sport"],"_links":{"self":[{"href":"https:\/\/linitiative.ca\/International\/wp-json\/wp\/v2\/posts\/110171","targetHints":{"allow":["GET"]}}],"collection":[{"href":"https:\/\/linitiative.ca\/International\/wp-json\/wp\/v2\/posts"}],"about":[{"href":"https:\/\/linitiative.ca\/International\/wp-json\/wp\/v2\/types\/post"}],"author":[{"embeddable":true,"href":"https:\/\/linitiative.ca\/International\/wp-json\/wp\/v2\/users\/1738"}],"replies":[{"embeddable":true,"href":"https:\/\/linitiative.ca\/International\/wp-json\/wp\/v2\/comments?post=110171"}],"version-history":[{"count":0,"href":"https:\/\/linitiative.ca\/International\/wp-json\/wp\/v2\/posts\/110171\/revisions"}],"wp:attachment":[{"href":"https:\/\/linitiative.ca\/International\/wp-json\/wp\/v2\/media?parent=110171"}],"wp:term":[{"taxonomy":"category","embeddable":true,"href":"https:\/\/linitiative.ca\/International\/wp-json\/wp\/v2\/categories?post=110171"},{"taxonomy":"post_tag","embeddable":true,"href":"https:\/\/linitiative.ca\/International\/wp-json\/wp\/v2\/tags?post=110171"}],"curies":[{"name":"wp","href":"https:\/\/api.w.org\/{rel}","templated":true}]}}